{"id":620,"date":"2015-05-11T19:44:53","date_gmt":"2015-05-11T16:44:53","guid":{"rendered":"http:\/\/siirmolasi.com\/?p=620"},"modified":"2015-05-18T16:21:27","modified_gmt":"2015-05-18T13:21:27","slug":"bekleme","status":"publish","type":"post","link":"https:\/\/www.siirmolasi.com\/?p=620","title":{"rendered":"Bekleme&#8230;"},"content":{"rendered":"<p>Yan\u0131yor teninde a\u015fg\u0131n saf rengi<br \/>\nBaka kal\u0131yor insanlar yok dengi<br \/>\nG\u00f6zlerinde b\u00fcy\u00fcy\u00fcp dudaklar\u0131nda kayboldu sevgi<br \/>\n\u0130\u00e7imden geldigi gibi sevdim de bulamad\u0131m sevgi cengi<br \/>\nSabahlar\u0131 yast\u0131g\u0131n \u00e7ektigi a\u015fkla yakt\u0131<br \/>\nBilemedi i\u00e7i d\u0131\u015farda kalanlara akt\u0131<br \/>\n\u00c7ok \u00e7abuk al\u0131\u015ft\u0131 ecel ile tan\u0131\u015ft\u0131<br \/>\nY\u00fcregini dinlemeyip amaya kar\u0131\u015ft\u0131<br \/>\nAral\u0131k ay\u0131nda y\u00fcrege a\u00e7\u0131lan kap\u0131lar kapand\u0131<br \/>\nBekleme bo\u015f yere diyen f\u0131s\u0131lt\u0131lar aband\u0131<br \/>\nKulaga gelen her s\u00f6z \u00e7\u0131ld\u0131rma derecesinde kald\u0131<br \/>\nSa\u00e7 tellerinde dolanan eller y\u00fcregimde yand\u0131<br \/>\nAh bu diyar \u00fcst\u00fcne dogan g\u00fcne\u015f<br \/>\nOnun akl\u0131nada dogsanda olsa bir g\u00fcn-e\u015f.<\/p>\n<p>&#8230;.<\/p>\n<p>Bu \u015fiirin telif hakk\u0131 yazar\u0131n (Ahmet M\u00fccahit Efe) kendisine ve\/veya temsilcilerine aittir. Yaz\u0131lar\u0131n izin al\u0131nmadan kopyalanmas\u0131 ve kullan\u0131lmas\u0131 5846 say\u0131l\u0131 Fikir ve Sanat Eserleri Yasas\u0131na g\u00f6re su\u00e7tur.<\/p>\n","protected":false},"excerpt":{"rendered":"<p>Yan\u0131yor teninde a\u015fg\u0131n saf rengi Baka kal\u0131yor insanlar yok dengi G\u00f6zlerinde b\u00fcy\u00fcy\u00fcp dudaklar\u0131nda kayboldu sevgi \u0130\u00e7imden geldigi gibi sevdim de bulamad\u0131m sevgi cengi Sabahlar\u0131 yast\u0131g\u0131n \u00e7ektigi a\u015fkla yakt\u0131 Bilemedi i\u00e7i d\u0131\u015farda kalanlara akt\u0131 \u00c7ok \u00e7abuk al\u0131\u015ft\u0131 ecel ile tan\u0131\u015ft\u0131 Y\u00fcregini &hellip; <a href=\"https:\/\/www.siirmolasi.com\/?p=620\">Okumaya devam et <span class=\"meta-nav\">&rarr;<\/span><\/a><\/p>\n","protected":false},"author":1,"featured_media":0,"comment_status":"open","ping_status":"open","sticky":false,"template":"","format":"standard","meta":{"footnotes":""},"categories":[302,9],"tags":[315,317],"_links":{"self":[{"href":"https:\/\/www.siirmolasi.com\/index.php?rest_route=\/wp\/v2\/posts\/620"}],"collection":[{"href":"https:\/\/www.siirmolasi.com\/index.php?rest_route=\/wp\/v2\/posts"}],"about":[{"href":"https:\/\/www.siirmolasi.com\/index.php?rest_route=\/wp\/v2\/types\/post"}],"author":[{"embeddable":true,"href":"https:\/\/www.siirmolasi.com\/index.php?rest_route=\/wp\/v2\/users\/1"}],"replies":[{"embeddable":true,"href":"https:\/\/www.siirmolasi.com\/index.php?rest_route=%2Fwp%2Fv2%2Fcomments&post=620"}],"version-history":[{"count":1,"href":"https:\/\/www.siirmolasi.com\/index.php?rest_route=\/wp\/v2\/posts\/620\/revisions"}],"predecessor-version":[{"id":621,"href":"https:\/\/www.siirmolasi.com\/index.php?rest_route=\/wp\/v2\/posts\/620\/revisions\/621"}],"wp:attachment":[{"href":"https:\/\/www.siirmolasi.com\/index.php?rest_route=%2Fwp%2Fv2%2Fmedia&parent=620"}],"wp:term":[{"taxonomy":"category","embeddable":true,"href":"https:\/\/www.siirmolasi.com\/index.php?rest_route=%2Fwp%2Fv2%2Fcategories&post=620"},{"taxonomy":"post_tag","embeddable":true,"href":"https:\/\/www.siirmolasi.com\/index.php?rest_route=%2Fwp%2Fv2%2Ftags&post=620"}],"curies":[{"name":"wp","href":"https:\/\/api.w.org\/{rel}","templated":true}]}}