{"id":5789,"date":"2016-10-07T16:14:04","date_gmt":"2016-10-07T13:14:04","guid":{"rendered":"http:\/\/siirmolasi.com\/?p=5789"},"modified":"2016-10-07T16:14:47","modified_gmt":"2016-10-07T13:14:47","slug":"elveda-sana-daha-yakin","status":"publish","type":"post","link":"https:\/\/www.siirmolasi.com\/?p=5789","title":{"rendered":"Elveda Sana Daha Yak\u0131n&#8230;"},"content":{"rendered":"<p><a href=\"http:\/\/siirmolasi.com\/wp-content\/uploads\/2016\/10\/elveda-sana-daha-yak\u0131n.jpg\" rel=\"attachment wp-att-5790\"><img loading=\"lazy\" decoding=\"async\" src=\"http:\/\/siirmolasi.com\/wp-content\/uploads\/2016\/10\/elveda-sana-daha-yak\u0131n.jpg\" alt=\"elveda-sana-daha-yakin\" width=\"278\" height=\"284\" class=\"alignnone size-full wp-image-5790\" \/><\/a><\/p>\n<p><em>Evet \u015fairim<br \/>\nSevgim, vicdan\u0131m elbet senden daha g\u00fcr, daha a\u011f\u0131r<br \/>\nAma belli ki eksi\u011fim sende<br \/>\nHiddetim, nefretim de b\u00fcy\u00fck<br \/>\nBir zamanlara s\u0131\u011fmayan sen kadar <\/p>\n<p>Evet bakma \u00f6yle<br \/>\nSendim bir zamanlar bunda yan\u0131lg\u0131 yok<br \/>\nAma sen senken<br \/>\nSen \u015fimdi unutkan ve y\u00fczs\u00fcz<br \/>\nHem nedir, nas\u0131ld\u0131r bu zaman\u0131 saymaydan \u00e7\u0131k\u0131p gelmek<br \/>\nK\u00f6r\u00fcn, ahraz\u0131n u\u015fa\u011f\u0131 m\u0131 bu mazi<br \/>\nYa y\u0131llar\u0131n \u00f6rd\u00fc\u011f\u00fc kederli ben&#8230;<\/p>\n<p>Neyse&#8230;<br \/>\nUzatma bu yersiz bekleyi\u015fini<br \/>\nMevsim fena yaz ama sana so\u011fuk bende<br \/>\n\u00d6z\u00fcmde, g\u00f6z\u00fcmde art\u0131k seni g\u00f6rmez<br \/>\nM\u0131sra art\u0131\u011f\u0131 hat\u0131ralara dokunmaz kalbim<br \/>\nBir tebess\u00fcme kanamam<br \/>\nElveda \u015fimdi sana daha yak\u0131n&#8230;<\/p>\n<p><\/em><\/p>\n<p>&#8230;.<\/p>\n<p>Bu \u015fiirin telif hakk\u0131 yazar\u0131n (Ahmet K\u0130RAZ) kendisine ve\/veya temsilcilerine aittir. Yaz\u0131lar\u0131n izin al\u0131nmadan kopyalanmas\u0131 ve kullan\u0131lmas\u0131 5846 say\u0131l\u0131 Fikir ve Sanat Eserleri Yasas\u0131na g\u00f6re su\u00e7tur.<\/p>\n","protected":false},"excerpt":{"rendered":"<p>Evet \u015fairim Sevgim, vicdan\u0131m elbet senden daha g\u00fcr, daha a\u011f\u0131r Ama belli ki eksi\u011fim sende Hiddetim, nefretim de b\u00fcy\u00fck Bir zamanlara s\u0131\u011fmayan sen kadar Evet bakma \u00f6yle Sendim bir zamanlar bunda yan\u0131lg\u0131 yok Ama sen senken Sen \u015fimdi unutkan ve &hellip; <a href=\"https:\/\/www.siirmolasi.com\/?p=5789\">Okumaya devam et <span class=\"meta-nav\">&rarr;<\/span><\/a><\/p>\n","protected":false},"author":1,"featured_media":0,"comment_status":"open","ping_status":"open","sticky":false,"template":"","format":"standard","meta":{"footnotes":""},"categories":[1],"tags":[344,2005],"_links":{"self":[{"href":"https:\/\/www.siirmolasi.com\/index.php?rest_route=\/wp\/v2\/posts\/5789"}],"collection":[{"href":"https:\/\/www.siirmolasi.com\/index.php?rest_route=\/wp\/v2\/posts"}],"about":[{"href":"https:\/\/www.siirmolasi.com\/index.php?rest_route=\/wp\/v2\/types\/post"}],"author":[{"embeddable":true,"href":"https:\/\/www.siirmolasi.com\/index.php?rest_route=\/wp\/v2\/users\/1"}],"replies":[{"embeddable":true,"href":"https:\/\/www.siirmolasi.com\/index.php?rest_route=%2Fwp%2Fv2%2Fcomments&post=5789"}],"version-history":[{"count":2,"href":"https:\/\/www.siirmolasi.com\/index.php?rest_route=\/wp\/v2\/posts\/5789\/revisions"}],"predecessor-version":[{"id":5792,"href":"https:\/\/www.siirmolasi.com\/index.php?rest_route=\/wp\/v2\/posts\/5789\/revisions\/5792"}],"wp:attachment":[{"href":"https:\/\/www.siirmolasi.com\/index.php?rest_route=%2Fwp%2Fv2%2Fmedia&parent=5789"}],"wp:term":[{"taxonomy":"category","embeddable":true,"href":"https:\/\/www.siirmolasi.com\/index.php?rest_route=%2Fwp%2Fv2%2Fcategories&post=5789"},{"taxonomy":"post_tag","embeddable":true,"href":"https:\/\/www.siirmolasi.com\/index.php?rest_route=%2Fwp%2Fv2%2Ftags&post=5789"}],"curies":[{"name":"wp","href":"https:\/\/api.w.org\/{rel}","templated":true}]}}