{"id":562,"date":"2015-05-06T16:02:28","date_gmt":"2015-05-06T13:02:28","guid":{"rendered":"http:\/\/siirmolasi.com\/?p=562"},"modified":"2015-05-06T16:02:28","modified_gmt":"2015-05-06T13:02:28","slug":"dizelerce-yasamak","status":"publish","type":"post","link":"https:\/\/www.siirmolasi.com\/?p=562","title":{"rendered":"Dizelerce Ya\u015famak&#8230;"},"content":{"rendered":"<div>Anlatacak \u00f6yle \u00e7ok \u015fey var ki \u015fimdi,<\/div>\n<div>Dolup ta\u015fmak bu olsa gerek.<\/div>\n<div>D\u00f6k\u00fclmek istiyorum \u015fimdi dizelere,<\/div>\n<div>Bir kalemim var ; birka\u00e7 par\u00e7a da ka\u011f\u0131t \u015fimdi&#8230;<\/div>\n<div><\/div>\n<div>Y\u0131llarca arad\u0131m durdum a\u015fk\u0131,<\/div>\n<div>Kelimelerin bile mecali kalmad\u0131 bir ara.<\/div>\n<div>Par\u00e7aland\u0131 elimde t\u00fcm kalemler,<\/div>\n<div>Yetmedi!K\u00fcst\u00fcrd\u00fcm g\u00f6nl\u00fc sat\u0131rlara&#8230;<\/div>\n<div><\/div>\n<div>Yaln\u0131zl\u0131kla sar\u0131ld\u0131m kaleme yeniden,<\/div>\n<div>\u00d6zlem pi\u015fmanl\u0131\u011fa d\u00f6nd\u00fc kimi zaman.<\/div>\n<div>Nefret ettim sevebilen her \u015feyden,<\/div>\n<div>So\u011fuk r\u00fczgarlar esti \u00e7\u0131kmaz sokaklarda&#8230;<\/div>\n<div><\/div>\n<div>Sonra dostlu\u011fa rastlad\u0131m bir durakta,<\/div>\n<div>Hazan bahara d\u00f6nd\u00fc birden.<\/div>\n<div>\u015eair dedi\u00a0&#8220;haydi ver bi&#8217; mola&#8221;,<\/div>\n<div>Ayn\u0131\u00a0ilk g\u00fcnk\u00fc gibi \u015fiir tuttu elimden&#8230;<\/div>\n<div><\/div>\n<div>&#8230;<\/div>\n<div>Bu \u015fiirin telif hakk\u0131 yazar\u0131n (Hakk\u0131 Burhan Canseven) kendisine ve\/veya temsilcilerine aittir. Yaz\u0131lar\u0131n izin al\u0131nmadan kopyalanmas\u0131 ve kullan\u0131lmas\u0131 5846 say\u0131l\u0131 Fikir ve Sanat Eserleri Yasas\u0131na g\u00f6re su\u00e7tur.<\/div>\n","protected":false},"excerpt":{"rendered":"<p>Anlatacak \u00f6yle \u00e7ok \u015fey var ki \u015fimdi, Dolup ta\u015fmak bu olsa gerek. D\u00f6k\u00fclmek istiyorum \u015fimdi dizelere, Bir kalemim var ; birka\u00e7 par\u00e7a da ka\u011f\u0131t \u015fimdi&#8230; Y\u0131llarca arad\u0131m durdum a\u015fk\u0131, Kelimelerin bile mecali kalmad\u0131 bir ara. Par\u00e7aland\u0131 elimde t\u00fcm kalemler, Yetmedi!K\u00fcst\u00fcrd\u00fcm &hellip; <a href=\"https:\/\/www.siirmolasi.com\/?p=562\">Okumaya devam et <span class=\"meta-nav\">&rarr;<\/span><\/a><\/p>\n","protected":false},"author":1,"featured_media":0,"comment_status":"open","ping_status":"open","sticky":false,"template":"","format":"standard","meta":{"footnotes":""},"categories":[137,9],"tags":[233],"_links":{"self":[{"href":"https:\/\/www.siirmolasi.com\/index.php?rest_route=\/wp\/v2\/posts\/562"}],"collection":[{"href":"https:\/\/www.siirmolasi.com\/index.php?rest_route=\/wp\/v2\/posts"}],"about":[{"href":"https:\/\/www.siirmolasi.com\/index.php?rest_route=\/wp\/v2\/types\/post"}],"author":[{"embeddable":true,"href":"https:\/\/www.siirmolasi.com\/index.php?rest_route=\/wp\/v2\/users\/1"}],"replies":[{"embeddable":true,"href":"https:\/\/www.siirmolasi.com\/index.php?rest_route=%2Fwp%2Fv2%2Fcomments&post=562"}],"version-history":[{"count":1,"href":"https:\/\/www.siirmolasi.com\/index.php?rest_route=\/wp\/v2\/posts\/562\/revisions"}],"predecessor-version":[{"id":563,"href":"https:\/\/www.siirmolasi.com\/index.php?rest_route=\/wp\/v2\/posts\/562\/revisions\/563"}],"wp:attachment":[{"href":"https:\/\/www.siirmolasi.com\/index.php?rest_route=%2Fwp%2Fv2%2Fmedia&parent=562"}],"wp:term":[{"taxonomy":"category","embeddable":true,"href":"https:\/\/www.siirmolasi.com\/index.php?rest_route=%2Fwp%2Fv2%2Fcategories&post=562"},{"taxonomy":"post_tag","embeddable":true,"href":"https:\/\/www.siirmolasi.com\/index.php?rest_route=%2Fwp%2Fv2%2Ftags&post=562"}],"curies":[{"name":"wp","href":"https:\/\/api.w.org\/{rel}","templated":true}]}}