{"id":4926,"date":"2016-06-02T09:41:24","date_gmt":"2016-06-02T06:41:24","guid":{"rendered":"http:\/\/siirmolasi.com\/?p=4926"},"modified":"2016-06-02T09:41:24","modified_gmt":"2016-06-02T06:41:24","slug":"kemal-albayrak-yasemin","status":"publish","type":"post","link":"https:\/\/www.siirmolasi.com\/?p=4926","title":{"rendered":"Kemal ALBAYRAK \/ Yasemin"},"content":{"rendered":"<p><strong>Kemal ALBAYRAK Hakk\u0131nda;<\/strong><\/p>\n<p>1982 K\u0131r\u0131kkale do\u011fumlu gen\u00e7 yazar, 2003 y\u0131l\u0131nda Bal\u0131kesir \u00dcniversitesi T\u00fcrk\u00e7e \u00d6\u011fretmenli\u011fi B\u00f6l\u00fcm\u00fc mezunu. \u0130stanbul&#8217;da g\u00f6rev yapan Albatrak, \u00fcniversite d\u00f6neminde \u015fair Mehmet Narl\u0131&#8217;dan destek ald\u0131.<\/p>\n<p>\u015eiire de devam eden ve son s\u0131n\u0131fta Deste adl\u0131 \u015fiir kitab\u0131 piyasaya \u00e7\u0131kan yazar, halen Samsun Ladik&#8217;te T\u00fcrk\u00e7e \u00d6\u011fretmeni olarak g\u00f6rev yap\u0131yor.<\/p>\n<p>\u0130lk \u015fiirlerini Aral\u0131klar, Vatan ve H\u00fcrriyet dergisinde yazan \u015fair, Samsun Ladik&#8217;te bas\u0131lan Ve, Ya\u015fam Sanat,Yazarbir, Bi&#8217;Mola, Edebiyat N\u00f6beti ve Herfene dergilerinde yazmaya devam etmektedir.<\/p>\n<p>Tilki kitab\u0131n a\u00e7t\u0131\u011f\u0131 yar\u0131\u015fma sonucunda haz\u0131rlanan 100 Y\u0131l\u0131n Gen\u00e7 \u015eairleri adl\u0131 kitapta bir \u015fiiri yer alm\u0131\u015ft\u0131r. Halen \u015fiire ve \u00f6yk\u00fc yazmaya devam eden \u015fair ve yazar, \u00c7ar\u015famba Kitap Fuar\u0131&#8217;na da kat\u0131lm\u0131\u015ft\u0131r. &#8221; Kendimi \u015fiirin do\u011fas\u0131na teslim olmu\u015f bir \u015fair olarak nitelendirebilirim &#8221; diyen yazar Kemal Albayrak, YASEM\u0130N ad\u0131n\u0131 verdi\u011fi uzun \u00f6yk\u00fc kitab\u0131nda K\u0131z\u0131l\u0131rmak deltas\u0131 ve Bafra&#8217;ya da \u015fu m\u0131sralarla yer vermi\u015f:<\/p>\n<p>&#8221; Japon kirazlar\u0131n\u0131n alt\u0131nda dinlendi mi, K\u0131r\u0131m T\u00fcrk\u00fcleri&#8217;ni dinledi mi bilinmez ama K\u0131z\u0131l\u0131rmak&#8217;ta k\u0131z\u0131l rengi yak\u0131\u015ft\u0131ran bir top g\u00fcne\u015fe do\u011fru u\u00e7tu turnalar. K\u0131z\u0131l\u0131rmak deltas\u0131nda her \u00e7e\u015fit ku\u015fun aras\u0131nda dedesinden dinledi\u011fi Hz. Ali&#8217;nin s\u0131rl\u0131 hikayelerini, Hosokava&#8217;n\u0131n ( 1 ) ac\u0131lar\u0131n\u0131, turna ku\u015flar\u0131n\u0131 anlatt\u0131 aleme.<\/p>\n<p>Sazl\u0131klardan \u00f6tede olan can tela\u015f\u0131ndan uzakla\u015f\u0131nca ku\u015flar\u0131n piri, kendini ho\u015f kokusu, bembeyaz, narin teniyle yaseminlerin aras\u0131nda buldu.<\/p>\n<p>O an bir leylek dostu mu\u015ftuyu verdi turnaya. Bafra&#8217;da ak\u015fam g\u00fcne\u015fine kar\u015f\u0131 melek suretinde Yasemin do\u011fdu&#8230;&#8221;<\/p>\n<p>1- Hosokava, Japonya&#8217;da Hiro\u015fima&#8217;ya at\u0131lan atom bombas\u0131ndan etkilenen hasta k\u0131z, annesinin ka\u011f\u0131ttan 1000 turna ku\u015fu yaparsa iyile\u015fece\u011fi s\u00f6z\u00fcne inan\u0131r. 754. turna ku\u015funun s\u0131rt\u0131na binerek g\u00f6\u011fe \u00e7ekilir.<\/p>\n<p>Kemal Albayrak&#8217;\u0131n D\u00fcz Yaz\u0131 Yay\u0131nlar\u0131&#8217;ndan piyasaya \u00e7\u0131kan kitab\u0131n\u0131n arka sayfas\u0131nda da t\u00fct\u00fcn ve Karadeniz&#8217;den \u015f\u00f6yle s\u00f6z ediliyor:<\/p>\n<p>&#8221; Sabah ezan\u0131yla kalkan Yasemin, k\u00f6yl\u00fcdeki t\u00fct\u00fcn tela\u015f\u0131n\u0131 seyre durdu.Karadeniz&#8217;deg\u00fcne\u015f kendini Akdeniz kadar hissettirmese de t\u00fct\u00fcn kendini salmadan seher vakti toplamak gerekliydi&#8230;&#8221;<\/p>\n<p>\u015eair ve yazar Kemal Albayrak, \u015fair, yazar ve gazeteci Oktay Zerrin\u2019e Yasemin, Oktay Zerrin de Kemal Albayrak\u2019a Sevgi Ufkundan \u015eark\u0131lara ve \u015eair Alaeddin Dursun da yazar Kemal Albayrak\u2019a Sevda \u00c7i\u00e7e\u011fim adl\u0131 \u015fiir kitaplar\u0131n\u0131 hediye ettiler.<\/p>\n<p>Gen\u00e7 \u015fair ve yazar\u0131m\u0131z Kemal Albayrak\u2019\u0131 kutlar, ba\u015far\u0131lar dileriz.<\/p>\n<p>Yazar\u0131n r\u00f6portaj\u0131 : http:\/\/www.dengegazetesi.com.tr\/yazar-kemal-albayrak-yaseminde-bafrayi-anlatti-117705h.htm<\/p>\n<p><strong>Eserleri: <\/strong><\/p>\n<p><strong>Yasemin&#8230;<\/strong><\/p>\n<p><a href=\"http:\/\/siirmolasi.com\/wp-content\/uploads\/2016\/06\/yassemin.jpg\" rel=\"attachment wp-att-4927\"><img loading=\"lazy\" decoding=\"async\" src=\"http:\/\/siirmolasi.com\/wp-content\/uploads\/2016\/06\/yassemin-300x217.jpg\" alt=\"yassemin\" width=\"300\" height=\"217\" class=\"alignnone size-medium wp-image-4927\" srcset=\"https:\/\/www.siirmolasi.com\/wp-content\/uploads\/2016\/06\/yassemin-300x217.jpg 300w, https:\/\/www.siirmolasi.com\/wp-content\/uploads\/2016\/06\/yassemin-768x556.jpg 768w, https:\/\/www.siirmolasi.com\/wp-content\/uploads\/2016\/06\/yassemin-414x300.jpg 414w, https:\/\/www.siirmolasi.com\/wp-content\/uploads\/2016\/06\/yassemin.jpg 960w\" sizes=\"(max-width: 300px) 100vw, 300px\" \/><\/a><\/p>\n<p><strong>Kader<br \/>\n<\/strong><br \/>\nzaman odur iki kap\u0131 aras\u0131nda,<br \/>\n\u00e7izilir kader dedi\u011fin ya\u015fars\u0131n!<br \/>\nzaman olur iki dudak aras\u0131nda,<br \/>\nbazen erken bazen ge\u00e7  kal\u0131rs\u0131n!<\/p>\n<p>\u00f6zg\u00fcrl\u00fck su kadar tabi, sevi g\u00fcne\u015f kadar gerekli<br \/>\nhali nicedir \u015f\u00fcpheden \u00f6te duygular bilmeyenin,<br \/>\nyalan\u0131n kokusu a\u011f\u0131r, \u015fehvetin ate\u015fi k\u0131zg\u0131n!<br \/>\ni\u00e7inde \u00e7in kurdu b\u00fcy\u00fcmeli nefreti saklayanlar\u0131n,<\/p>\n<p>roman\u0131n g\u00fcne\u015finden iyidir havarinin karanl\u0131\u011f\u0131,<br \/>\nhali nicedir \u00f6v\u00fcn\u00fcp makam ile Mabud\u2019a s\u0131\u011f\u0131nmayan\u0131n,<br \/>\nkibrin y\u00fck\u00fc a\u011f\u0131r,  hasetin  koru k\u0131zg\u0131n!<br \/>\ni\u00e7inde \u00e7in kurdu b\u00fcy\u00fcmeli kinini saklayanlar\u0131n,<\/p>\n<p>\u015fans odur ki yolculukta dost edinip, yolda\u015f edesin,<br \/>\nhali nicedir g\u00f6n\u00fcl k\u0131rmay\u0131  g\u00fc\u00e7 bilmeyenin,<br \/>\ndilin  k\u00fclfeti a\u011f\u0131r, mazlumun ci\u011feri k\u0131zg\u0131n!<br \/>\ni\u00e7inde \u00e7in kurdu b\u00fcy\u00fcmeli hiddeti saklayanlar\u0131n,<\/p>\n<p>Kader \u00e7izgisinin nihayeti  kemale ermeli;<br \/>\nhali nicedir varl\u0131k i\u00e7inde yokluk bilmeyenin,<br \/>\ncahilin diyeti a\u011f\u0131r, cimrinin diyeti k\u0131zg\u0131n!<br \/>\ni\u00e7inde \u00e7in kurdu b\u00fcy\u00fcmeli haseti saklayanlar\u0131n,<\/p>\n<p>ad\u0131na yaz\u0131lanlar\u0131n okunamad\u0131\u011f\u0131 \u015fiirler yetim mi ya\u015fasayd\u0131n da sorsayd\u0131m Naz\u0131m baba!<\/p>\n<p>11.07.2015<\/p>\n<p>Kara<\/p>\n<p>Kaderimiz toprakla bir,<br \/>\n \t\tRengimiz petrol,<br \/>\n\t\tKan\u0131m\u0131z g\u00fcne\u015f,<br \/>\n\u00c7a\u011flar\u0131n devirdi\u011fi medeniyet<br \/>\n\t\t\tKara.<br \/>\nBeyazlar\u0131n getirdi\u011fi isa g\u00fcne\u015fi<br \/>\n\t\t\tKara.<br \/>\nYoksulluk, sat\u0131lm\u0131\u015fl\u0131k ve mavi ufuklar<br \/>\n\t\t\tKara.<br \/>\nUfkumuzda  bir tutam d\u00fc\u015f<br \/>\n\t\t\tKara.<br \/>\nBeyazlar\u0131n \u00e7alamad\u0131\u011f\u0131 y\u00fcz\u00fcm\u00fcze,<br \/>\n\t\t\tKara<br \/>\nSuyumuzda zehir, g\u00f6\u011f\u00fcm\u00fczde kir,<br \/>\n\t\t\t\tKara.<br \/>\nAc\u0131kan \u00e7ocuklara d\u00fc\u015fer bir avu\u00e7<br \/>\n\t\t\t\tKur\u015fun,<br \/>\nHesaps\u0131z da\u011f\u0131t\u0131l\u0131r kara yetimlere,<br \/>\n\t\t\t\tDua.<br \/>\n02.ekim 2007<\/p>\n<p><strong>Nar-\u0131 Nisa<br \/>\n<\/strong><br \/>\nG\u00fczel sevmekmi\u015f su\u00e7umuz<br \/>\nG\u00f6rmezler mi biz bir neyiz,<br \/>\nHakk\u2019a \u00f6zenmi\u015f nefesiz<br \/>\nG\u00fczeli sever Huda\u2019m\u0131z<\/p>\n<p>Ruhumuz hep c\u00fcmle a\u015fkt\u0131r.<br \/>\nArzunuz her g\u00f6nle hard\u0131r.<br \/>\nCihan\u0131 \u015fen k\u0131lan y\u00e2rd\u0131r<br \/>\n\u00d6n\u00fc yarsa, ard\u0131 nard\u0131r.<\/p>\n<p>M\u00fclk\u00fcm\u00fcz sana fedad\u0131r,<br \/>\nU\u011frunda yollar k\u0131sad\u0131r,<br \/>\n\u00d6mr\u00fcm\u00fcz harcansa kalpt\u0131r,<br \/>\nAcep mayan alt\u0131n m\u0131d\u0131r?<\/p>\n<p>Be\u011fenmezsen iffetlisin,<br \/>\nCihan gelse el vermezsin.<br \/>\nArzularsan koca devsin,<br \/>\n\u015eirin cisme ne saklars\u0131n?<\/p>\n<p>Sevmeniz c\u00fcmle zarard\u0131r,<br \/>\n\u0130ffeti y\u0131rtan hevad\u0131r<br \/>\nYusuf\u2019a d\u00fc\u015fen zindand\u0131r.<br \/>\nYoklu\u011fun vallah faydad\u0131r.<\/p>\n<p>Ey\u00fcp ki kalmad\u0131 sabr\u0131n,<br \/>\nM\u00fc\u015frikten \u00f6zge k\u0131skanc\u0131n,<br \/>\nResul y\u0131ld\u0131r\u0131r d\u0131rd\u0131r\u0131n,<br \/>\nRahman\u2019\u0131m uzak et \u015ferrin.<\/p>\n<p>Muhammet s\u00fcnneti nik\u00e2h,<br \/>\nAldanmaz san\u0131rd\u0131m ag\u00e2h,<br \/>\nHasan\u2019a k\u0131yar bu cenah!<br \/>\n\u0130\u00e7irme elinden su, Hak! <\/p>\n<p>Cenneti sersen der hava,<br \/>\nD\u00fcnyay\u0131 versen bedava,<br \/>\nAlmak \u00fcst\u00fcne hep dava,<br \/>\nG\u00fcnah\u0131n vermez ucuza. <\/p>\n<p>Felekler siner \u015ferrinden,<br \/>\n\u0130blisler ka\u00e7ar dilinden,<br \/>\n\u0130\u00e7i \u015feytan g\u00fczelinden,<br \/>\nSana s\u0131\u011f\u0131n\u0131r\u0131z Ya Rab!<\/p>\n<p>Kitap Temini: <a href=\"http:\/\/www.babil.com\/yasemin-kitabi-kemal-albayrak\">http:\/\/www.babil.com\/yasemin-kitabi-kemal-albayrak<\/a><\/p>\n","protected":false},"excerpt":{"rendered":"<p>Kemal ALBAYRAK Hakk\u0131nda; 1982 K\u0131r\u0131kkale do\u011fumlu gen\u00e7 yazar, 2003 y\u0131l\u0131nda Bal\u0131kesir \u00dcniversitesi T\u00fcrk\u00e7e \u00d6\u011fretmenli\u011fi B\u00f6l\u00fcm\u00fc mezunu. \u0130stanbul&#8217;da g\u00f6rev yapan Albatrak, \u00fcniversite d\u00f6neminde \u015fair Mehmet Narl\u0131&#8217;dan destek ald\u0131. \u015eiire de devam eden ve son s\u0131n\u0131fta Deste adl\u0131 \u015fiir kitab\u0131 piyasaya \u00e7\u0131kan &hellip; <a href=\"https:\/\/www.siirmolasi.com\/?p=4926\">Okumaya devam et <span class=\"meta-nav\">&rarr;<\/span><\/a><\/p>\n","protected":false},"author":1,"featured_media":0,"comment_status":"open","ping_status":"open","sticky":false,"template":"","format":"standard","meta":{"footnotes":""},"categories":[360],"tags":[1790],"_links":{"self":[{"href":"https:\/\/www.siirmolasi.com\/index.php?rest_route=\/wp\/v2\/posts\/4926"}],"collection":[{"href":"https:\/\/www.siirmolasi.com\/index.php?rest_route=\/wp\/v2\/posts"}],"about":[{"href":"https:\/\/www.siirmolasi.com\/index.php?rest_route=\/wp\/v2\/types\/post"}],"author":[{"embeddable":true,"href":"https:\/\/www.siirmolasi.com\/index.php?rest_route=\/wp\/v2\/users\/1"}],"replies":[{"embeddable":true,"href":"https:\/\/www.siirmolasi.com\/index.php?rest_route=%2Fwp%2Fv2%2Fcomments&post=4926"}],"version-history":[{"count":1,"href":"https:\/\/www.siirmolasi.com\/index.php?rest_route=\/wp\/v2\/posts\/4926\/revisions"}],"predecessor-version":[{"id":4928,"href":"https:\/\/www.siirmolasi.com\/index.php?rest_route=\/wp\/v2\/posts\/4926\/revisions\/4928"}],"wp:attachment":[{"href":"https:\/\/www.siirmolasi.com\/index.php?rest_route=%2Fwp%2Fv2%2Fmedia&parent=4926"}],"wp:term":[{"taxonomy":"category","embeddable":true,"href":"https:\/\/www.siirmolasi.com\/index.php?rest_route=%2Fwp%2Fv2%2Fcategories&post=4926"},{"taxonomy":"post_tag","embeddable":true,"href":"https:\/\/www.siirmolasi.com\/index.php?rest_route=%2Fwp%2Fv2%2Ftags&post=4926"}],"curies":[{"name":"wp","href":"https:\/\/api.w.org\/{rel}","templated":true}]}}