{"id":4244,"date":"2016-01-15T22:32:23","date_gmt":"2016-01-15T20:32:23","guid":{"rendered":"http:\/\/siirmolasi.com\/?p=4244"},"modified":"2016-01-15T22:32:23","modified_gmt":"2016-01-15T20:32:23","slug":"duyan-var-mi-sesimi","status":"publish","type":"post","link":"https:\/\/www.siirmolasi.com\/?p=4244","title":{"rendered":"Duyan Var m\u0131 Sesimi"},"content":{"rendered":"<p>Duyan var m\u0131 sesimi  \u00e7\u0131\u011fl\u0131k \u00e7\u0131\u011fl\u0131\u011fa b\u00fcy\u00fcyen<br \/>\nBombalanmadan  \u00f6nce  etraf\u0131 sessizli\u011fe b\u00fcr\u00fcyen<br \/>\nCans\u0131z  bedenimi  \u00f6l\u00fcm \u00f6tesine  s\u00fcr\u00fckleyen<br \/>\nDuyan var m\u0131 sesimi   hayk\u0131r\u0131\u015flar\u0131mda.<\/p>\n<p>Saatin akrepi onu yelkovan\u0131  be\u015fi g\u00f6sterirken<br \/>\nbombalar  bedenimi yere  sererken<br \/>\nSessizli\u011fim \u00f6l\u00fcm  sessizli\u011fi mi \u00e7ok erken<br \/>\nDuyan var m\u0131 sesimi hayk\u0131r\u0131\u015flar\u0131mda.<\/p>\n<p>Yan\u0131mda annem okurken masal  bana,<br \/>\nBirden v\u00fccudum gitti oda  b\u00fcr\u00fcnd\u00fc  k\u0131z\u0131l kana.<br \/>\nKollar\u0131m  bacaklar\u0131m v\u00fccudum savruldu d\u00f6rt bir yana,<br \/>\nDuyan var m\u0131 sesimi son hayk\u0131r\u0131\u015flar\u0131mda ?<\/p>\n<p>Bir  bez  bebe\u011fim vard\u0131   kitaplar\u0131m\u0131n yan\u0131nda masada,<br \/>\nD\u00fc\u015fen bomba ile    o da  par\u00e7alansa da,<br \/>\nYan\u0131mda  tek onun  hat\u0131ras\u0131  kalm\u0131\u015fsa da,<br \/>\nDuyan var m\u0131 sesimi  sessiz \u00e7\u0131\u011fl\u0131klar\u0131mda ?<\/p>\n<p>Kulaklar\u0131m \u00e7\u0131nlad\u0131 \u00f6nce o patlamada,<br \/>\nKe\u015fke hayatta olsam da kalsam y\u0131llarca komada.<br \/>\nBir k\u00fc\u00e7\u00fck \u00e7ocu\u011fum  daha ,<br \/>\nDuyan var m\u0131  sesimi  b\u00fcy\u00fcyen \u00e7\u0131\u011fl\u0131klar\u0131mda ?<\/p>\n<p>&#8230;<\/p>\n<p>Bu \u015fiirin telif hakk\u0131 yazar\u0131n (Osman EMER) kendisine ve\/veya temsilcilerine aittir. Yaz\u0131lar\u0131n izin al\u0131nmadan kopyalanmas\u0131 ve kullan\u0131lmas\u0131 5846 say\u0131l\u0131 Fikir ve Sanat Eserleri Yasas\u0131na g\u00f6re su\u00e7tur.<\/p>\n","protected":false},"excerpt":{"rendered":"<p>Duyan var m\u0131 sesimi \u00e7\u0131\u011fl\u0131k \u00e7\u0131\u011fl\u0131\u011fa b\u00fcy\u00fcyen Bombalanmadan \u00f6nce etraf\u0131 sessizli\u011fe b\u00fcr\u00fcyen Cans\u0131z bedenimi \u00f6l\u00fcm \u00f6tesine s\u00fcr\u00fckleyen Duyan var m\u0131 sesimi hayk\u0131r\u0131\u015flar\u0131mda. Saatin akrepi onu yelkovan\u0131 be\u015fi g\u00f6sterirken bombalar bedenimi yere sererken Sessizli\u011fim \u00f6l\u00fcm sessizli\u011fi mi \u00e7ok erken Duyan var &hellip; <a href=\"https:\/\/www.siirmolasi.com\/?p=4244\">Okumaya devam et <span class=\"meta-nav\">&rarr;<\/span><\/a><\/p>\n","protected":false},"author":1,"featured_media":0,"comment_status":"open","ping_status":"open","sticky":false,"template":"","format":"standard","meta":{"footnotes":""},"categories":[752,9],"tags":[1614,862],"_links":{"self":[{"href":"https:\/\/www.siirmolasi.com\/index.php?rest_route=\/wp\/v2\/posts\/4244"}],"collection":[{"href":"https:\/\/www.siirmolasi.com\/index.php?rest_route=\/wp\/v2\/posts"}],"about":[{"href":"https:\/\/www.siirmolasi.com\/index.php?rest_route=\/wp\/v2\/types\/post"}],"author":[{"embeddable":true,"href":"https:\/\/www.siirmolasi.com\/index.php?rest_route=\/wp\/v2\/users\/1"}],"replies":[{"embeddable":true,"href":"https:\/\/www.siirmolasi.com\/index.php?rest_route=%2Fwp%2Fv2%2Fcomments&post=4244"}],"version-history":[{"count":1,"href":"https:\/\/www.siirmolasi.com\/index.php?rest_route=\/wp\/v2\/posts\/4244\/revisions"}],"predecessor-version":[{"id":4245,"href":"https:\/\/www.siirmolasi.com\/index.php?rest_route=\/wp\/v2\/posts\/4244\/revisions\/4245"}],"wp:attachment":[{"href":"https:\/\/www.siirmolasi.com\/index.php?rest_route=%2Fwp%2Fv2%2Fmedia&parent=4244"}],"wp:term":[{"taxonomy":"category","embeddable":true,"href":"https:\/\/www.siirmolasi.com\/index.php?rest_route=%2Fwp%2Fv2%2Fcategories&post=4244"},{"taxonomy":"post_tag","embeddable":true,"href":"https:\/\/www.siirmolasi.com\/index.php?rest_route=%2Fwp%2Fv2%2Ftags&post=4244"}],"curies":[{"name":"wp","href":"https:\/\/api.w.org\/{rel}","templated":true}]}}