{"id":3639,"date":"2015-11-04T20:32:50","date_gmt":"2015-11-04T18:32:50","guid":{"rendered":"http:\/\/siirmolasi.com\/?p=3639"},"modified":"2015-11-05T12:31:03","modified_gmt":"2015-11-05T10:31:03","slug":"sen-varsin-2","status":"publish","type":"post","link":"https:\/\/www.siirmolasi.com\/?p=3639","title":{"rendered":"SEN  VARSIN"},"content":{"rendered":"<p>s\u00f6zl\u00fcme&#8230;<\/p>\n<p>Bir k\u0131v\u0131lc\u0131m parlar, bir ate\u015f yanar<br \/>\nGecenin karanl\u0131\u011f\u0131ndan bir g\u00fcne\u015f do\u011far<br \/>\nIs\u0131n\u0131r y\u00fcre\u011fim \u0131\u015f\u0131\u011f\u0131nda<br \/>\nSen vars\u0131n&#8230;<\/p>\n<p>Siyah b\u0131rak\u0131yorsa maviye yerini<br \/>\nKu\u015flar \u00f6t\u00fc\u015f\u00fcyorsa<br \/>\nVe bahar\u0131 m\u00fcjdeliyorsa \u00e7i\u00e7ekler<br \/>\nPapatyalar diyar\u0131<br \/>\nSen vars\u0131n&#8230;<\/p>\n<p>Zaman\u0131n tokmaklar\u0131n\u0131 d\u00f6v\u00fcyorum<br \/>\nDar vakitleri geni\u015fletiyor y\u00fcz\u00fcn<br \/>\nEllerin umudun tanr\u0131s\u0131<br \/>\nYakar\u0131\u015flar\u0131m ve dualar\u0131m<br \/>\nSen vars\u0131n&#8230;<\/p>\n<p>Sa\u00e7lar\u0131ndan \u015fiirler toplad\u0131m<br \/>\nEllerinden romanlar<br \/>\nBoynun demi\u015f ya \u015fair<br \/>\nBoynun benim anavatan\u0131m<br \/>\nGezinirim ba\u011f\u0131m,bah\u00e7em<br \/>\n\u00c7\u00f6l topraklar\u0131m\u0131n denize k\u0131y\u0131s\u0131<br \/>\nSen vars\u0131n&#8230;<\/p>\n<p>&#8230;<\/p>\n<p>Bu \u015fiirin telif hakk\u0131 yazar\u0131n (Kaan O\u011fuz) kendisine ve\/veya temsilcilerine aittir. Yaz\u0131lar\u0131n izin al\u0131nmadan kopyalanmas\u0131 ve kullan\u0131lmas\u0131 5846 say\u0131l\u0131 Fikir ve Sanat Eserleri Yasas\u0131na g\u00f6re su\u00e7tur.<\/p>\n","protected":false},"excerpt":{"rendered":"<p>s\u00f6zl\u00fcme&#8230; Bir k\u0131v\u0131lc\u0131m parlar, bir ate\u015f yanar Gecenin karanl\u0131\u011f\u0131ndan bir g\u00fcne\u015f do\u011far Is\u0131n\u0131r y\u00fcre\u011fim \u0131\u015f\u0131\u011f\u0131nda Sen vars\u0131n&#8230; Siyah b\u0131rak\u0131yorsa maviye yerini Ku\u015flar \u00f6t\u00fc\u015f\u00fcyorsa Ve bahar\u0131 m\u00fcjdeliyorsa \u00e7i\u00e7ekler Papatyalar diyar\u0131 Sen vars\u0131n&#8230; Zaman\u0131n tokmaklar\u0131n\u0131 d\u00f6v\u00fcyorum Dar vakitleri geni\u015fletiyor y\u00fcz\u00fcn Ellerin umudun &hellip; <a href=\"https:\/\/www.siirmolasi.com\/?p=3639\">Okumaya devam et <span class=\"meta-nav\">&rarr;<\/span><\/a><\/p>\n","protected":false},"author":1,"featured_media":0,"comment_status":"open","ping_status":"open","sticky":false,"template":"","format":"standard","meta":{"footnotes":""},"categories":[216],"tags":[224,582],"_links":{"self":[{"href":"https:\/\/www.siirmolasi.com\/index.php?rest_route=\/wp\/v2\/posts\/3639"}],"collection":[{"href":"https:\/\/www.siirmolasi.com\/index.php?rest_route=\/wp\/v2\/posts"}],"about":[{"href":"https:\/\/www.siirmolasi.com\/index.php?rest_route=\/wp\/v2\/types\/post"}],"author":[{"embeddable":true,"href":"https:\/\/www.siirmolasi.com\/index.php?rest_route=\/wp\/v2\/users\/1"}],"replies":[{"embeddable":true,"href":"https:\/\/www.siirmolasi.com\/index.php?rest_route=%2Fwp%2Fv2%2Fcomments&post=3639"}],"version-history":[{"count":1,"href":"https:\/\/www.siirmolasi.com\/index.php?rest_route=\/wp\/v2\/posts\/3639\/revisions"}],"predecessor-version":[{"id":3640,"href":"https:\/\/www.siirmolasi.com\/index.php?rest_route=\/wp\/v2\/posts\/3639\/revisions\/3640"}],"wp:attachment":[{"href":"https:\/\/www.siirmolasi.com\/index.php?rest_route=%2Fwp%2Fv2%2Fmedia&parent=3639"}],"wp:term":[{"taxonomy":"category","embeddable":true,"href":"https:\/\/www.siirmolasi.com\/index.php?rest_route=%2Fwp%2Fv2%2Fcategories&post=3639"},{"taxonomy":"post_tag","embeddable":true,"href":"https:\/\/www.siirmolasi.com\/index.php?rest_route=%2Fwp%2Fv2%2Ftags&post=3639"}],"curies":[{"name":"wp","href":"https:\/\/api.w.org\/{rel}","templated":true}]}}