{"id":3572,"date":"2015-10-23T15:27:52","date_gmt":"2015-10-23T12:27:52","guid":{"rendered":"http:\/\/siirmolasi.com\/?p=3572"},"modified":"2015-12-10T10:24:32","modified_gmt":"2015-12-10T08:24:32","slug":"buyucu","status":"publish","type":"post","link":"https:\/\/www.siirmolasi.com\/?p=3572","title":{"rendered":"B\u00dcY\u00dcC\u00dc&#8230;"},"content":{"rendered":"<p>Zannettim ki a\u015fk,<br \/>\nEn g\u00fczel i\u015ftir bu d\u00fcnyada,<br \/>\nSabrettim ki<br \/>\nA\u015fk\u0131n sonu, mutluluk \u00e7i\u00e7ekleri edas\u0131nda olsun<\/p>\n<p>Aln\u0131ma \u00e7arpan g\u00fcne\u015fin her \u0131\u015f\u0131\u011f\u0131 oysa y\u00e2rin bak\u0131\u015flar\u0131d\u0131r<br \/>\nG\u00f6nl\u00fcme nak\u015fedece\u011fim ise g\u00f6zlerinin y\u0131ld\u0131z rengidir.<\/p>\n<p>Omuzlar\u0131m \u00fcst\u00fcnde y\u00fckselen kartal ba\u015f\u0131m vard\u0131<br \/>\nki senin yan\u0131nda g\u00fcle tutulmu\u015f b\u00fclb\u00fcl oluverdi<\/p>\n<p>Renkleri kendinde toplay\u0131p g\u00f6zlerinden sa\u00e7ard\u0131n<br \/>\nYe\u015fili y\u00fcz\u00fcme \u00e7al\u0131p beni kendine a\u015f\u0131k eden sendin <\/p>\n<p>Ay fakirdi uzay\u0131n i\u00e7inde hem de en rezil \u0131\u015f\u0131\u011f\u0131yla<br \/>\nGecelerime h\u00e2kim olan sendin g\u00f6zlerinin \u0131\u015f\u0131\u011f\u0131yla<\/p>\n<p>Ben yolunu kaybetmi\u015f bozk\u0131rlar\u0131n kurduyken<br \/>\nYaln\u0131z gezer, yaln\u0131z ya\u015far, yaln\u0131z \u00f6lmek derdinde<br \/>\nEvcille\u015ftirdin beni, tuzak etti\u011fin sa\u00e7lar\u0131nla, a\u015fk\u0131nla<br \/>\nSenden sonra bi\u00e7are, hayatta \u00e7\u0131rak oldum sevdanla<\/p>\n<p>&#8230;<\/p>\n<p>Bu yaz\u0131n\u0131n telif hakk\u0131 \u015fairin (Mehmet \u00d6zcan YASDIBA\u015e) kendisine ve\/veya temsilcilerine aittir. Yaz\u0131lar\u0131n izin al\u0131nmadan kopyalanmas\u0131 ve kullan\u0131lmas\u0131 5846 say\u0131l\u0131 Fikir ve Sanat Eserleri Yasas\u0131na g\u00f6re su\u00e7tur.<\/p>\n","protected":false},"excerpt":{"rendered":"<p>Zannettim ki a\u015fk, En g\u00fczel i\u015ftir bu d\u00fcnyada, Sabrettim ki A\u015fk\u0131n sonu, mutluluk \u00e7i\u00e7ekleri edas\u0131nda olsun Aln\u0131ma \u00e7arpan g\u00fcne\u015fin her \u0131\u015f\u0131\u011f\u0131 oysa y\u00e2rin bak\u0131\u015flar\u0131d\u0131r G\u00f6nl\u00fcme nak\u015fedece\u011fim ise g\u00f6zlerinin y\u0131ld\u0131z rengidir. Omuzlar\u0131m \u00fcst\u00fcnde y\u00fckselen kartal ba\u015f\u0131m vard\u0131 ki senin yan\u0131nda g\u00fcle &hellip; <a href=\"https:\/\/www.siirmolasi.com\/?p=3572\">Okumaya devam et <span class=\"meta-nav\">&rarr;<\/span><\/a><\/p>\n","protected":false},"author":1,"featured_media":0,"comment_status":"open","ping_status":"open","sticky":false,"template":"","format":"standard","meta":{"footnotes":""},"categories":[1549,9],"tags":[1460,1060],"_links":{"self":[{"href":"https:\/\/www.siirmolasi.com\/index.php?rest_route=\/wp\/v2\/posts\/3572"}],"collection":[{"href":"https:\/\/www.siirmolasi.com\/index.php?rest_route=\/wp\/v2\/posts"}],"about":[{"href":"https:\/\/www.siirmolasi.com\/index.php?rest_route=\/wp\/v2\/types\/post"}],"author":[{"embeddable":true,"href":"https:\/\/www.siirmolasi.com\/index.php?rest_route=\/wp\/v2\/users\/1"}],"replies":[{"embeddable":true,"href":"https:\/\/www.siirmolasi.com\/index.php?rest_route=%2Fwp%2Fv2%2Fcomments&post=3572"}],"version-history":[{"count":1,"href":"https:\/\/www.siirmolasi.com\/index.php?rest_route=\/wp\/v2\/posts\/3572\/revisions"}],"predecessor-version":[{"id":3573,"href":"https:\/\/www.siirmolasi.com\/index.php?rest_route=\/wp\/v2\/posts\/3572\/revisions\/3573"}],"wp:attachment":[{"href":"https:\/\/www.siirmolasi.com\/index.php?rest_route=%2Fwp%2Fv2%2Fmedia&parent=3572"}],"wp:term":[{"taxonomy":"category","embeddable":true,"href":"https:\/\/www.siirmolasi.com\/index.php?rest_route=%2Fwp%2Fv2%2Fcategories&post=3572"},{"taxonomy":"post_tag","embeddable":true,"href":"https:\/\/www.siirmolasi.com\/index.php?rest_route=%2Fwp%2Fv2%2Ftags&post=3572"}],"curies":[{"name":"wp","href":"https:\/\/api.w.org\/{rel}","templated":true}]}}