{"id":2864,"date":"2015-09-03T14:33:35","date_gmt":"2015-09-03T11:33:35","guid":{"rendered":"http:\/\/siirmolasi.com\/?p=2864"},"modified":"2015-09-03T14:33:35","modified_gmt":"2015-09-03T11:33:35","slug":"vatanim-gulsun-istiyorum","status":"publish","type":"post","link":"https:\/\/www.siirmolasi.com\/?p=2864","title":{"rendered":"VATANIM G\u00dcLS\u00dcN \u0130ST\u0130YORUM&#8230;"},"content":{"rendered":"<p><em>Kelep\u00e7e vurulmadan kelimelerime<br \/>\n\u015eiirler yazmak istiyorum<br \/>\nSen a\u011fla ben a\u011flayay\u0131m ama<br \/>\nVatan\u0131m g\u00fcls\u00fcn istiyorum<\/p>\n<p>Beyaz\u0131n i\u00e7indeki siyahlar silinsin<br \/>\nHuzurun esiri olal\u0131m istiyorum<br \/>\nT\u00fcm a\u011f\u0131tlar bir yana<br \/>\nVatan\u0131m g\u00fcls\u00fcn istiyorum<\/p>\n<p>Bayrak kirli ellerden kurtulsun<br \/>\nSem\u00e2y\u0131 \u015fenlendirsin istiyorum<br \/>\nYery\u00fcz\u00fc al kana boyan\u0131rken<br \/>\nVatan\u0131m g\u00fcls\u00fcn istiyorum<\/p>\n<p>Aptall\u0131klar sarm\u0131\u015fken d\u00f6rt bir yan\u0131<br \/>\nMilletim g\u00f6z\u00fcn\u00fc a\u00e7s\u0131n istiyorum<br \/>\nZail olurken ter\u00f6r illeti<br \/>\nVatan\u0131m g\u00fcls\u00fcn istiyorum<\/p>\n<p>Bu\u011fdaylar\u0131 f\u0131nd\u0131klar\u0131 f\u0131st\u0131klar\u0131<br \/>\nG\u00fczeli g\u00fczel g\u00f6relim istiyorum<br \/>\nBirileri silerken timsah g\u00f6z ya\u015flar\u0131n\u0131<br \/>\nVatan\u0131m hep hep g\u00fcls\u00fcn istiyorum<\/em><\/p>\n<p>&#8230;<\/p>\n<p>Bu \u015fiirin telif hakk\u0131 yazar\u0131n (Enes DUYMU\u015e) kendisine ve\/veya temsilcilerine aittir. Yaz\u0131lar\u0131n izin al\u0131nmadan kopyalanmas\u0131 ve kullan\u0131lmas\u0131 5846 say\u0131l\u0131 Fikir ve Sanat Eserleri Yasas\u0131na g\u00f6re su\u00e7tur.<\/p>\n","protected":false},"excerpt":{"rendered":"<p>Kelep\u00e7e vurulmadan kelimelerime \u015eiirler yazmak istiyorum Sen a\u011fla ben a\u011flayay\u0131m ama Vatan\u0131m g\u00fcls\u00fcn istiyorum Beyaz\u0131n i\u00e7indeki siyahlar silinsin Huzurun esiri olal\u0131m istiyorum T\u00fcm a\u011f\u0131tlar bir yana Vatan\u0131m g\u00fcls\u00fcn istiyorum Bayrak kirli ellerden kurtulsun Sem\u00e2y\u0131 \u015fenlendirsin istiyorum Yery\u00fcz\u00fc al kana boyan\u0131rken &hellip; <a href=\"https:\/\/www.siirmolasi.com\/?p=2864\">Okumaya devam et <span class=\"meta-nav\">&rarr;<\/span><\/a><\/p>\n","protected":false},"author":1,"featured_media":0,"comment_status":"open","ping_status":"open","sticky":false,"template":"","format":"standard","meta":{"footnotes":""},"categories":[9],"tags":[1019,1177],"_links":{"self":[{"href":"https:\/\/www.siirmolasi.com\/index.php?rest_route=\/wp\/v2\/posts\/2864"}],"collection":[{"href":"https:\/\/www.siirmolasi.com\/index.php?rest_route=\/wp\/v2\/posts"}],"about":[{"href":"https:\/\/www.siirmolasi.com\/index.php?rest_route=\/wp\/v2\/types\/post"}],"author":[{"embeddable":true,"href":"https:\/\/www.siirmolasi.com\/index.php?rest_route=\/wp\/v2\/users\/1"}],"replies":[{"embeddable":true,"href":"https:\/\/www.siirmolasi.com\/index.php?rest_route=%2Fwp%2Fv2%2Fcomments&post=2864"}],"version-history":[{"count":1,"href":"https:\/\/www.siirmolasi.com\/index.php?rest_route=\/wp\/v2\/posts\/2864\/revisions"}],"predecessor-version":[{"id":2865,"href":"https:\/\/www.siirmolasi.com\/index.php?rest_route=\/wp\/v2\/posts\/2864\/revisions\/2865"}],"wp:attachment":[{"href":"https:\/\/www.siirmolasi.com\/index.php?rest_route=%2Fwp%2Fv2%2Fmedia&parent=2864"}],"wp:term":[{"taxonomy":"category","embeddable":true,"href":"https:\/\/www.siirmolasi.com\/index.php?rest_route=%2Fwp%2Fv2%2Fcategories&post=2864"},{"taxonomy":"post_tag","embeddable":true,"href":"https:\/\/www.siirmolasi.com\/index.php?rest_route=%2Fwp%2Fv2%2Ftags&post=2864"}],"curies":[{"name":"wp","href":"https:\/\/api.w.org\/{rel}","templated":true}]}}