{"id":2110,"date":"2015-08-03T21:00:16","date_gmt":"2015-08-03T18:00:16","guid":{"rendered":"http:\/\/siirmolasi.com\/?p=2110"},"modified":"2015-08-03T21:10:29","modified_gmt":"2015-08-03T18:10:29","slug":"olu-mizikacilar-diyari","status":"publish","type":"post","link":"https:\/\/www.siirmolasi.com\/?p=2110","title":{"rendered":"\u00d6l\u00fc M\u0131z\u0131kac\u0131lar Diyar\u0131&#8230;"},"content":{"rendered":"<p><a href=\"http:\/\/siirmolasi.com\/wp-content\/uploads\/2015\/08\/1396814_594202073949227_1317615381_o.jpg\"><img loading=\"lazy\" decoding=\"async\" class=\"alignnone  wp-image-2111\" src=\"http:\/\/siirmolasi.com\/wp-content\/uploads\/2015\/08\/1396814_594202073949227_1317615381_o-185x300.jpg\" alt=\"1396814_594202073949227_1317615381_o\" width=\"263\" height=\"417\" \/><\/a><\/p>\n<p>&nbsp;<\/p>\n<p>Yay\u0131n Evi: M\u00fch\u00fcr Yay\u0131nlar\u0131<\/p>\n<p>Temin Noktalar\u0131: \u0130defix, D&amp;R<\/p>\n<p>Emre \u015eAH\u0130NLER (1989-)<br \/>\n10 Nisan 1989\u2019da Kartal\u2019da do\u011fdu. 2007 y\u0131l\u0131nda \u00c7\u0131ra\u011fan Lisesi\u2019ni bitirdi. \u0130stanbul Ayd\u0131n \u00dcniversitesi \u0130ktisadi ve \u0130dari Bilimler Fak\u00fcltesi\u2019nden mezun oldu. 2012 y\u0131l\u0131nda Polonya\u2019da Wroclaw School of Banking\u2019te \u00f6\u011frenim g\u00f6rd\u00fc. 2013\u2019te Avusturya\u2019da Alpen Adria \u00dcniversitesi\u2019nde lisans e\u011fitimini tamamlad\u0131.<\/p>\n<p>\u015eiirleri ve poetik yaz\u0131lar\u0131 Akatalpa, Akk\u00f6y, Ak\u015fam Kitap, Eliz, Kur\u015fun Kalem, Lacivert, M\u00fch\u00fcr, Patika, Radikal Kitap, \u015eiiri \u00d6zl\u00fcyorum dergilerinde ve \u015fiir y\u0131ll\u0131klar\u0131nda yay\u0131mland\u0131. Yazd\u0131klar\u0131 \u0130ngilizce, Frans\u0131zca, Almanca, Ermenice, Azerice, Bulgarca, Japonca, Rus\u00e7a, Fars\u00e7a gibi dillere \u00e7evrildi. \u00c7e\u015fitli \u015fiir dinletileri, sempozyum ve festivallere kat\u0131ld\u0131.<br \/>\nKitaplar\u0131:<br \/>\n1- \u00d6l\u00fc M\u0131z\u0131kac\u0131lar Diyar\u0131 (2013)<br \/>\nHakk\u0131nda:<br \/>\nBejan Matur: Emre \u015eahinler, co\u011frafyas\u0131 geni\u015f bir \u015fiirle yola \u00e7\u0131k\u0131yor. S\u0131n\u0131rlar\u0131, isimler ve a\u015fklar arac\u0131l\u0131\u011f\u0131yla a\u015fmaya \u00e7al\u0131\u015f\u0131rken hep marjinal olana e\u011filim g\u00f6stermesi onun duyarl\u0131l\u0131\u011f\u0131n\u0131n fark\u0131n\u0131 ortaya koyuyor. Merkezi a\u015fk olan bir d\u00fcnya aray\u0131\u015f\u0131 onunki. A\u015fk \u00fclkesine ve onun ac\u0131lar\u0131na ait bir \u00f6znenin yakar\u0131\u015f\u0131&#8230;<br \/>\nAhmet G\u00fcnba\u015f: Do\u011frudan insan odakl\u0131 ele\u015ftirel bir \u015fiir yaz\u0131yor \u015eahinler. Dokusundaki s\u0131n\u0131fsal kar\u015f\u0131tl\u0131kla birlikte sonu yenikliklere\/yabanc\u0131la\u015fmalara \u00e7\u0131kan nihilist tutumuyla \u00e7a\u011fda\u015f utanc\u0131 iyi duyuruyor.<br \/>\n\u00d6mer Turan: Emre \u015eahinler, \u015fiir poetikas\u0131n\u0131 kurarken hem okurun duygu alg\u0131s\u0131n\u0131 dikkate al\u0131yor hem de okura dikkat \u00e7ekici alanlar a\u00e7\u0131yor. S\u00f6z s\u00f6yleme sanat\u0131ndan \u00f6te okurla bir yolda\u015fl\u0131k kurma sanat\u0131n\u0131 geli\u015ftiriyor. \u015eairane bir davran\u0131\u015fla de\u011fil insani bir refleksle yap\u0131yor bunu. G\u00f6r\u00fcnt\u00fc karma\u015fas\u0131 olu\u015fturmadan se\u00e7ti\u011fi \u00f6zg\u00fcn imgelerle olabildi\u011fince \u00f6zbi\u00e7im bir anlat\u0131\u015f geli\u015ftiriyor.\u00a0Edip Cansever\u2019in \u201c\u015fiirin yap\u0131s\u0131nda, \u015fiirin dokusunda bilin\u00e7li, \u00f6zg\u00fcn vurucu bir d\u00fc\u015f\u00fcnce-ya\u015fam birli\u011finin yer almas\u0131 gerekiyor\u201d s\u00f6ylemiyle birebir uyu\u015fan bir \u015fiirle kar\u015f\u0131 kar\u015f\u0131yay\u0131z. \u015eiirine katt\u0131\u011f\u0131 her s\u00f6zc\u00fc\u011f\u00fcn nefes al\u0131p veri\u015fini duyuyorsunuz.<\/p>\n","protected":false},"excerpt":{"rendered":"<p>&nbsp; Yay\u0131n Evi: M\u00fch\u00fcr Yay\u0131nlar\u0131 Temin Noktalar\u0131: \u0130defix, D&amp;R Emre \u015eAH\u0130NLER (1989-) 10 Nisan 1989\u2019da Kartal\u2019da do\u011fdu. 2007 y\u0131l\u0131nda \u00c7\u0131ra\u011fan Lisesi\u2019ni bitirdi. \u0130stanbul Ayd\u0131n \u00dcniversitesi \u0130ktisadi ve \u0130dari Bilimler Fak\u00fcltesi\u2019nden mezun oldu. 2012 y\u0131l\u0131nda Polonya\u2019da Wroclaw School of Banking\u2019te \u00f6\u011frenim &hellip; <a href=\"https:\/\/www.siirmolasi.com\/?p=2110\">Okumaya devam et <span class=\"meta-nav\">&rarr;<\/span><\/a><\/p>\n","protected":false},"author":1,"featured_media":0,"comment_status":"open","ping_status":"open","sticky":false,"template":"","format":"standard","meta":{"footnotes":""},"categories":[360],"tags":[853,852],"_links":{"self":[{"href":"https:\/\/www.siirmolasi.com\/index.php?rest_route=\/wp\/v2\/posts\/2110"}],"collection":[{"href":"https:\/\/www.siirmolasi.com\/index.php?rest_route=\/wp\/v2\/posts"}],"about":[{"href":"https:\/\/www.siirmolasi.com\/index.php?rest_route=\/wp\/v2\/types\/post"}],"author":[{"embeddable":true,"href":"https:\/\/www.siirmolasi.com\/index.php?rest_route=\/wp\/v2\/users\/1"}],"replies":[{"embeddable":true,"href":"https:\/\/www.siirmolasi.com\/index.php?rest_route=%2Fwp%2Fv2%2Fcomments&post=2110"}],"version-history":[{"count":2,"href":"https:\/\/www.siirmolasi.com\/index.php?rest_route=\/wp\/v2\/posts\/2110\/revisions"}],"predecessor-version":[{"id":2113,"href":"https:\/\/www.siirmolasi.com\/index.php?rest_route=\/wp\/v2\/posts\/2110\/revisions\/2113"}],"wp:attachment":[{"href":"https:\/\/www.siirmolasi.com\/index.php?rest_route=%2Fwp%2Fv2%2Fmedia&parent=2110"}],"wp:term":[{"taxonomy":"category","embeddable":true,"href":"https:\/\/www.siirmolasi.com\/index.php?rest_route=%2Fwp%2Fv2%2Fcategories&post=2110"},{"taxonomy":"post_tag","embeddable":true,"href":"https:\/\/www.siirmolasi.com\/index.php?rest_route=%2Fwp%2Fv2%2Ftags&post=2110"}],"curies":[{"name":"wp","href":"https:\/\/api.w.org\/{rel}","templated":true}]}}