{"id":1328,"date":"2015-06-24T11:27:46","date_gmt":"2015-06-24T08:27:46","guid":{"rendered":"http:\/\/siirmolasi.com\/?p=1328"},"modified":"2015-06-24T11:27:46","modified_gmt":"2015-06-24T08:27:46","slug":"basimin-gozumun-ustunde-yerin-var-ask","status":"publish","type":"post","link":"https:\/\/www.siirmolasi.com\/?p=1328","title":{"rendered":"Ba\u015f\u0131m\u0131n G\u00f6z\u00fcm\u00fcn \u00dcst\u00fcnde Yerin Var; A\u015fk!"},"content":{"rendered":"<p>Ba\u015f\u0131m\u0131n G\u00f6z\u00fcm\u00fcn \u00dcst\u00fcnde Yerin Var; A\u015fk!<br \/>\nBug\u00fcn yazd\u0131\u011f\u0131m \u015fiirin bir kenar\u0131n\u0131 yakt\u0131m.<br \/>\nVe alevini parma\u011f\u0131mla s\u00f6nd\u00fcrd\u00fcm.<br \/>\nSenin i\u00e7in yaz\u0131lm\u0131\u015f olan,<br \/>\nVe seni anlatmaktan aciz,<br \/>\nHi\u00e7bir i\u015fe yaramayan \u015fu,<br \/>\nKendini bilmez \u015fiirin bile alevi,<br \/>\nParma\u011f\u0131m\u0131 yakt\u0131ysa!<br \/>\nA\u015fk\u0131n\u0131n ate\u015fi yakm\u0131\u015f y\u00fcre\u011fimi \u00e7ok mu ?<br \/>\nKa\u011f\u0131t da yaz\u0131lana,<br \/>\nS\u00f6z ge\u00e7iremeyen insano\u011flu,<br \/>\nKalbe yaz\u0131lana,<br \/>\nNeden s\u00f6z ge\u00e7irmeye \u00e7al\u0131\u015f\u0131yor ki ?<br \/>\nG\u00fcc\u00fc bir \u015fiire yetmezken,<br \/>\nA\u015fk&#8217;a neden kafa tutuyor ki ?<br \/>\nZ\u0131tla\u015fm\u0131yorum.<br \/>\n\u0130natla\u015fm\u0131yorum.<br \/>\nBenden b\u00fcy\u00fcks\u00fcn,<br \/>\nB\u00fcy\u00fc\u011f\u00fcms\u00fcn.<br \/>\nBa\u015f\u0131m\u0131n g\u00f6z\u00fcm\u00fcn \u00fcst\u00fcnde yerin var,<br \/>\nA\u015fk!<\/p>\n<p>&#8230;<\/p>\n<p>Bu \u015fiirin telif hakk\u0131 yazar\u0131n (Halil \u0130brahim Sar\u0131) kendisine ve\/veya temsilcilerine aittir. Yaz\u0131lar\u0131n izin al\u0131nmadan kopyalanmas\u0131 ve kullan\u0131lmas\u0131 5846 say\u0131l\u0131 Fikir ve Sanat Eserleri Yasas\u0131na g\u00f6re su\u00e7tur.<\/p>\n","protected":false},"excerpt":{"rendered":"<p>Ba\u015f\u0131m\u0131n G\u00f6z\u00fcm\u00fcn \u00dcst\u00fcnde Yerin Var; A\u015fk! Bug\u00fcn yazd\u0131\u011f\u0131m \u015fiirin bir kenar\u0131n\u0131 yakt\u0131m. Ve alevini parma\u011f\u0131mla s\u00f6nd\u00fcrd\u00fcm. Senin i\u00e7in yaz\u0131lm\u0131\u015f olan, Ve seni anlatmaktan aciz, Hi\u00e7bir i\u015fe yaramayan \u015fu, Kendini bilmez \u015fiirin bile alevi, Parma\u011f\u0131m\u0131 yakt\u0131ysa! A\u015fk\u0131n\u0131n ate\u015fi yakm\u0131\u015f y\u00fcre\u011fimi \u00e7ok &hellip; <a href=\"https:\/\/www.siirmolasi.com\/?p=1328\">Okumaya devam et <span class=\"meta-nav\">&rarr;<\/span><\/a><\/p>\n","protected":false},"author":1,"featured_media":0,"comment_status":"open","ping_status":"open","sticky":false,"template":"","format":"standard","meta":{"footnotes":""},"categories":[541,9],"tags":[556,542],"_links":{"self":[{"href":"https:\/\/www.siirmolasi.com\/index.php?rest_route=\/wp\/v2\/posts\/1328"}],"collection":[{"href":"https:\/\/www.siirmolasi.com\/index.php?rest_route=\/wp\/v2\/posts"}],"about":[{"href":"https:\/\/www.siirmolasi.com\/index.php?rest_route=\/wp\/v2\/types\/post"}],"author":[{"embeddable":true,"href":"https:\/\/www.siirmolasi.com\/index.php?rest_route=\/wp\/v2\/users\/1"}],"replies":[{"embeddable":true,"href":"https:\/\/www.siirmolasi.com\/index.php?rest_route=%2Fwp%2Fv2%2Fcomments&post=1328"}],"version-history":[{"count":1,"href":"https:\/\/www.siirmolasi.com\/index.php?rest_route=\/wp\/v2\/posts\/1328\/revisions"}],"predecessor-version":[{"id":1329,"href":"https:\/\/www.siirmolasi.com\/index.php?rest_route=\/wp\/v2\/posts\/1328\/revisions\/1329"}],"wp:attachment":[{"href":"https:\/\/www.siirmolasi.com\/index.php?rest_route=%2Fwp%2Fv2%2Fmedia&parent=1328"}],"wp:term":[{"taxonomy":"category","embeddable":true,"href":"https:\/\/www.siirmolasi.com\/index.php?rest_route=%2Fwp%2Fv2%2Fcategories&post=1328"},{"taxonomy":"post_tag","embeddable":true,"href":"https:\/\/www.siirmolasi.com\/index.php?rest_route=%2Fwp%2Fv2%2Ftags&post=1328"}],"curies":[{"name":"wp","href":"https:\/\/api.w.org\/{rel}","templated":true}]}}