{"id":1258,"date":"2015-06-21T14:51:52","date_gmt":"2015-06-21T11:51:52","guid":{"rendered":"http:\/\/siirmolasi.com\/?p=1258"},"modified":"2015-06-21T14:51:52","modified_gmt":"2015-06-21T11:51:52","slug":"sevdanin-olumu","status":"publish","type":"post","link":"https:\/\/www.siirmolasi.com\/?p=1258","title":{"rendered":"Sevdan\u0131n \u00d6l\u00fcm\u00fc&#8230;"},"content":{"rendered":"<p>Kalbin merkezine dal budak salan<br \/>\n\u00dcmit \u00e7i\u00e7e\u011fini soldurma vakti<br \/>\nD\u00fc\u015fledi\u011fim vuslat koca bir yalan<br \/>\n\u00d6zdeki hevesi y\u0131ld\u0131rma vakti<br \/>\n***<br \/>\nPar\u00e7alara b\u00f6l\u00fcp, yar\u0131p s\u0131zlatan<br \/>\nB\u00fcy\u00fcd\u00fck\u00e7e kalbe de\u011fip kanatan<br \/>\nGittik\u00e7e daha da derine batan<br \/>\nBu yaman dikeni yoldurma vakti<br \/>\n***<br \/>\nBeklemek gereksiz bo\u015f bir umutla<br \/>\nEy zaman, a\u015fk\u0131m\u0131 s\u00f6k ihtiyatla<br \/>\nEn k\u00f6t\u00fc ihtimal ameliyatla<br \/>\nKalpteki sanc\u0131y\u0131 ald\u0131rma vakti<br \/>\n***<br \/>\nPi\u015fmekle birlikte hasret odunda<br \/>\nCan \u00e7eki\u015fiyodu \u00f6z yata\u011f\u0131nda<br \/>\nHep birlikte meft\u00e2 ettik sonunda<br \/>\nCenaze namaz\u0131n k\u0131ld\u0131rma vakti<br \/>\n***<br \/>\nSar\u0131p sarmalay\u0131p tabuta koyup<br \/>\nEle kazma al\u0131p, topra\u011f\u0131 oyup<br \/>\nRuhuna bir el Fatiha okuyup<br \/>\nSevday\u0131 mezara dald\u0131rma vakti<br \/>\n***<br \/>\nAnlat\u0131n destans\u0131 m\u0131sralar ile<br \/>\nU\u011furlay\u0131n g\u00fczel dualar ile<br \/>\nKapat\u0131p \u00fcst\u00fcn\u00fc tahtalar ile<br \/>\n\u00c7ukuru toprakla doldurma vakti<br \/>\n***<br \/>\nA\u015f\u0131k da ma\u015fuk da g\u00f6m\u00fcld\u00fc gitti<br \/>\nBu dert zaman\u0131m\u0131 epey t\u00fcketti<br \/>\nHadi ge\u00e7mi\u015f olsun, okundu bitti<br \/>\nBu kitab\u0131 rafa kald\u0131rma vakti<\/p>\n<p>&#8230;<\/p>\n<p>Bu \u015fiirin telif hakk\u0131 yazar\u0131n (Hakan ATALAY) kendisine ve\/veya temsilcilerine aittir. Yaz\u0131lar\u0131n izin al\u0131nmadan kopyalanmas\u0131 ve kullan\u0131lmas\u0131 5846 say\u0131l\u0131 Fikir ve Sanat Eserleri Yasas\u0131na g\u00f6re su\u00e7tur.<\/p>\n","protected":false},"excerpt":{"rendered":"<p>Kalbin merkezine dal budak salan \u00dcmit \u00e7i\u00e7e\u011fini soldurma vakti D\u00fc\u015fledi\u011fim vuslat koca bir yalan \u00d6zdeki hevesi y\u0131ld\u0131rma vakti *** Par\u00e7alara b\u00f6l\u00fcp, yar\u0131p s\u0131zlatan B\u00fcy\u00fcd\u00fck\u00e7e kalbe de\u011fip kanatan Gittik\u00e7e daha da derine batan Bu yaman dikeni yoldurma vakti *** Beklemek gereksiz &hellip; <a href=\"https:\/\/www.siirmolasi.com\/?p=1258\">Okumaya devam et <span class=\"meta-nav\">&rarr;<\/span><\/a><\/p>\n","protected":false},"author":1,"featured_media":0,"comment_status":"open","ping_status":"open","sticky":false,"template":"","format":"standard","meta":{"footnotes":""},"categories":[520,9],"tags":[521,525],"_links":{"self":[{"href":"https:\/\/www.siirmolasi.com\/index.php?rest_route=\/wp\/v2\/posts\/1258"}],"collection":[{"href":"https:\/\/www.siirmolasi.com\/index.php?rest_route=\/wp\/v2\/posts"}],"about":[{"href":"https:\/\/www.siirmolasi.com\/index.php?rest_route=\/wp\/v2\/types\/post"}],"author":[{"embeddable":true,"href":"https:\/\/www.siirmolasi.com\/index.php?rest_route=\/wp\/v2\/users\/1"}],"replies":[{"embeddable":true,"href":"https:\/\/www.siirmolasi.com\/index.php?rest_route=%2Fwp%2Fv2%2Fcomments&post=1258"}],"version-history":[{"count":1,"href":"https:\/\/www.siirmolasi.com\/index.php?rest_route=\/wp\/v2\/posts\/1258\/revisions"}],"predecessor-version":[{"id":1259,"href":"https:\/\/www.siirmolasi.com\/index.php?rest_route=\/wp\/v2\/posts\/1258\/revisions\/1259"}],"wp:attachment":[{"href":"https:\/\/www.siirmolasi.com\/index.php?rest_route=%2Fwp%2Fv2%2Fmedia&parent=1258"}],"wp:term":[{"taxonomy":"category","embeddable":true,"href":"https:\/\/www.siirmolasi.com\/index.php?rest_route=%2Fwp%2Fv2%2Fcategories&post=1258"},{"taxonomy":"post_tag","embeddable":true,"href":"https:\/\/www.siirmolasi.com\/index.php?rest_route=%2Fwp%2Fv2%2Ftags&post=1258"}],"curies":[{"name":"wp","href":"https:\/\/api.w.org\/{rel}","templated":true}]}}