{"id":12094,"date":"2025-12-27T11:26:25","date_gmt":"2025-12-27T08:26:25","guid":{"rendered":"https:\/\/www.siirmolasi.com\/?p=12094"},"modified":"2025-12-27T11:26:27","modified_gmt":"2025-12-27T08:26:27","slug":"hangi-soguk-hangi-zaman-atalarimizdan-altin-bilgiler","status":"publish","type":"post","link":"https:\/\/www.siirmolasi.com\/?p=12094","title":{"rendered":"Hangi So\u011fuk, Hangi Zaman Atalar\u0131m\u0131zdan Alt\u0131n Bilgiler&#8230;"},"content":{"rendered":"\n<figure class=\"wp-block-image size-large\"><a href=\"https:\/\/www.siirmolasi.com\/wp-content\/uploads\/2025\/12\/136762351_10158662852450617_715757303995839294_n.jpg\"><img loading=\"lazy\" decoding=\"async\" width=\"525\" height=\"784\" src=\"https:\/\/www.siirmolasi.com\/wp-content\/uploads\/2025\/12\/136762351_10158662852450617_715757303995839294_n.jpg\" alt=\"\" class=\"wp-image-12095\" srcset=\"https:\/\/www.siirmolasi.com\/wp-content\/uploads\/2025\/12\/136762351_10158662852450617_715757303995839294_n.jpg 525w, https:\/\/www.siirmolasi.com\/wp-content\/uploads\/2025\/12\/136762351_10158662852450617_715757303995839294_n-201x300.jpg 201w\" sizes=\"(max-width: 525px) 100vw, 525px\" \/><\/a><\/figure>\n\n\n\n<figure class=\"wp-block-gallery has-nested-images columns-default is-cropped wp-block-gallery-1 is-layout-flex wp-block-gallery-is-layout-flex\"><\/figure>\n\n\n\n<p>Bug\u00fcn okuyan herkesin dikkatini \u00e7ekece\u011fini umdu\u011fum ve bir \u015fekilde kulak a\u015final\u0131\u011f\u0131n\u0131zla birlikte bunu ben de duymu\u015ftum, bunu ben de biliyordum veya bunu ilk kez duydum diyerek tepki verece\u011finizi d\u00fc\u015f\u00fcnd\u00fc\u011f\u00fcm bir konu olan atalar\u0131m\u0131z\u0131n ge\u00e7mi\u015f zamanlarda kulland\u0131\u011f\u0131 mevsimsel d\u00f6ng\u00fclerden ve bunlara ait terimlerden bahsetmeye \u00e7al\u0131\u015faca\u011f\u0131m.<\/p>\n\n\n\n<p>Konunun hat\u0131rda kal\u0131c\u0131 bir yan\u0131n\u0131n olu\u015fmas\u0131 i\u00e7in, \u00fcslup olarak gerekli sadeli\u011fi ve ak\u0131c\u0131 bir anlat\u0131m \u015feklini sa\u011flamada umar\u0131m muvaffak olurum.<\/p>\n\n\n\n<p>Bu hususu vurgulama nedenimi de s\u00f6ylemem gerekirse; ge\u00e7mi\u015fte kulland\u0131\u011f\u0131m\u0131z dilin duru ve anla\u015f\u0131l\u0131r bir yap\u0131ya sahip olmas\u0131ndan dolay\u0131, dilimizin o temel \u00f6zelli\u011fini ve g\u00fczelli\u011fini oldu\u011fu gibi yans\u0131tma hususundaki \u00fczerimde olu\u015fan kayg\u0131m\u0131 sizlerle payla\u015fmak olacakt\u0131r.&nbsp;<\/p>\n\n\n\n<p>Gelelim konumuza\u2026<\/p>\n\n\n\n<p>Evvela o d\u00f6nem aylara verilen isimlerle ba\u015flamak istiyorum.<\/p>\n\n\n\n<figure class=\"wp-block-image size-full is-resized\"><a href=\"https:\/\/www.siirmolasi.com\/wp-content\/uploads\/2025\/12\/image.png\"><img loading=\"lazy\" decoding=\"async\" width=\"567\" height=\"732\" src=\"https:\/\/www.siirmolasi.com\/wp-content\/uploads\/2025\/12\/image.png\" alt=\"\" class=\"wp-image-12097\" style=\"width:632px;height:auto\" srcset=\"https:\/\/www.siirmolasi.com\/wp-content\/uploads\/2025\/12\/image.png 567w, https:\/\/www.siirmolasi.com\/wp-content\/uploads\/2025\/12\/image-232x300.png 232w\" sizes=\"(max-width: 567px) 100vw, 567px\" \/><\/a><\/figure>\n\n\n\n<p>1-\u00a0\u00a0\u00a0 D\u00f6l D\u00f6k\u00fcm\u00fc , Kuzu Ay\u0131, Yaz ba\u015f\u0131 (Mart)<\/p>\n\n\n\n<p>2-&nbsp;&nbsp;&nbsp; Ya\u011fmur Ay\u0131, Ya\u011far Ay (Nisan)<\/p>\n\n\n\n<p>3-&nbsp;&nbsp;&nbsp; \u00c7i\u00e7ek Ay\u0131, Tut (dut) Ay\u0131 (May\u0131s)<\/p>\n\n\n\n<p>4-&nbsp;&nbsp;&nbsp; Yayla Ay\u0131, Kiraz Ay\u0131 (Haziran)<\/p>\n\n\n\n<p>5-&nbsp;&nbsp;&nbsp; Kotan Ay\u0131, Orak Ay\u0131 (Temmuz)<\/p>\n\n\n\n<p>6-&nbsp;&nbsp;&nbsp; Bi\u00e7im Ay\u0131, \u00c7\u00fcr\u00fck Ay (A\u011fustos)<\/p>\n\n\n\n<p>7-&nbsp;&nbsp;&nbsp; Harman Ay\u0131, B\u00f6\u011fr\u00fcm Ay (Eyl\u00fcl)<\/p>\n\n\n\n<p>8-&nbsp;&nbsp;&nbsp; \u015earap Ay\u0131, De\u011firmen Ay\u0131, Sulta Ay (Ekim)<\/p>\n\n\n\n<p>9-&nbsp;&nbsp;&nbsp; Ko\u00e7 Ay\u0131, Ko\u00e7 Kat\u0131m\u0131 (Kas\u0131m)<\/p>\n\n\n\n<p>10-&nbsp; Nah\u0131r-Kovan, Kara-K\u0131\u015f (Aral\u0131k)<\/p>\n\n\n\n<p>11-&nbsp; Don Ay\u0131, \u00c7ileler Ay\u0131, Zemheri (Ocak)<\/p>\n\n\n\n<p>12-&nbsp; G\u00fcc\u00fck, G\u00fcc\u00fck Ay (\u015eubat)<\/p>\n\n\n\n<p>Hepsini ayr\u0131 ayr\u0131 okudu\u011fumuzda mevsimsel etkinin ya\u015fama yans\u0131mas\u0131ndan kaynakl\u0131 olu\u015fan de\u011fi\u015fkenlikleri nas\u0131l ihtiva etti\u011fini, bu sayede mana b\u00fct\u00fcnl\u00fc\u011f\u00fcn\u00fcn olduk\u00e7a sarih oldu\u011funu, yani dilimizin ne denli a\u00e7\u0131k ve anla\u015f\u0131l\u0131r oldu\u011funu rahatl\u0131kla g\u00f6rmekteyiz.<\/p>\n\n\n\n<p>Takvimi g\u00f6rd\u00fck s\u0131rada zamansal d\u00f6ng\u00fc i\u00e7erisindeki tecr\u00fcbe ile sabit mevsimsel olaylar\u0131n ya\u015fand\u0131\u011f\u0131 ifadelere ve tarihsel aral\u0131\u011fa\u2026<\/p>\n\n\n\n<p>Tecr\u00fcbe m\u00fchim ve ne \u015fahanedir ki, millet olarak bizde tamamen \u00fccretsiz.<\/p>\n\n\n\n<p>Yeter ki yararlanmak iste\u2026<\/p>\n\n\n\n<p>Evet\u2026 Pek \u00e7o\u011fumuzun ya da yak\u0131nlar\u0131m\u0131z\u0131n hobi bah\u00e7esi ya da hala memleketine gidip geliyorsa k\u00f6y\u00fcnde tarlas\u0131, bah\u00e7esi var.<\/p>\n\n\n\n<p>Elimizden geldi\u011fince ve vakit el verdik\u00e7e d\u00fcnden bir miras olarak ekip bi\u00e7meye de merak\u0131m\u0131z var.<\/p>\n\n\n\n<p>\u0130\u015fte yaz\u0131n\u0131n bu k\u0131sm\u0131 ba\u011f\u0131n\u0131za, bah\u00e7enize verece\u011finiz eme\u011fin kar\u015f\u0131l\u0131\u011f\u0131n\u0131 alman\u0131z ad\u0131na i\u015finize yarayacakt\u0131r.<\/p>\n\n\n\n<p>Sonra benim gibi 2 \u00e7uval patates ekip \u00e7o\u011fu dona \u00e7ekerek 1 \u00e7uval \u00fcr\u00fcn almay\u0131n &#x1f60a;<\/p>\n\n\n\n<p>Bu bilgiler seyahat yapaca\u011f\u0131n\u0131z zaman ile ilgili de size yard\u0131mc\u0131 olacakt\u0131r.<\/p>\n\n\n\n<p>May\u0131s ay\u0131n\u0131n ortas\u0131nda neden kar ya\u011fd\u0131\u011f\u0131n\u0131, temmuzda havalar\u0131n birden neden so\u011fudu\u011funu hep birlikte \u015fimdi \u00f6\u011frenece\u011fiz &#x1f60a;<\/p>\n\n\n\n<figure class=\"wp-block-gallery has-nested-images columns-default is-cropped wp-block-gallery-2 is-layout-flex wp-block-gallery-is-layout-flex\">\n<figure class=\"wp-block-image size-large\"><a href=\"https:\/\/www.siirmolasi.com\/wp-content\/uploads\/2025\/12\/ohfyx3ez_810_539-1.jpg\"><img loading=\"lazy\" decoding=\"async\" width=\"810\" height=\"539\" data-id=\"12098\" src=\"https:\/\/www.siirmolasi.com\/wp-content\/uploads\/2025\/12\/ohfyx3ez_810_539-1.jpg\" alt=\"\" class=\"wp-image-12098\" srcset=\"https:\/\/www.siirmolasi.com\/wp-content\/uploads\/2025\/12\/ohfyx3ez_810_539-1.jpg 810w, https:\/\/www.siirmolasi.com\/wp-content\/uploads\/2025\/12\/ohfyx3ez_810_539-1-300x200.jpg 300w, https:\/\/www.siirmolasi.com\/wp-content\/uploads\/2025\/12\/ohfyx3ez_810_539-1-768x511.jpg 768w\" sizes=\"(max-width: 810px) 100vw, 810px\" \/><\/a><\/figure>\n<\/figure>\n\n\n\n<p><strong>Amans\u0131z Elli: <\/strong>Karak\u0131\u015f\u0131n 20. g\u00fcn\u00fcnden (miladi 4 ocak) ba\u015flay\u0131p, g\u00fcc\u00fc\u011f\u00fcn 9. g\u00fcn\u00fcne (miladi 22 \u015fubat) kadar s\u00fcrer. Tam 50 g\u00fcn \u00e7eker. So\u011fuklar\u0131n aral\u0131ks\u0131z devam etmesi y\u00fcz\u00fcnden, bu g\u00fcnlere \u201cAmans\u0131z elli\u201d denilir.<\/p>\n\n\n\n<p><strong>H\u0131drellez F\u0131rt\u0131nas\u0131: <\/strong>Baba hesab\u0131na g\u00f6re zemheri ay\u0131n\u0131n 18\u2019i ile 28\u2019i (31 ocak-10 \u015fubat) aras\u0131nda devam eden r\u00fczgarlard\u0131r.<\/p>\n\n\n\n<p><strong>Vakit Yeli:<\/strong> G\u00fcc\u00fc\u011f\u00fcn yedisinde (20 \u015fubat) vakit yeli eser ve cemre havaya d\u00fc\u015fer.<\/p>\n\n\n\n<p><strong>Cemreler<\/strong><\/p>\n\n\n\n<p><strong>1.Cemre:<\/strong> G\u00fcc\u00fck ay\u0131n\u0131n 7.g\u00fcn\u00fcnde (20 \u015fubat) cemre havaya d\u00fc\u015fer. Havalar \u0131s\u0131nmaya ba\u015flar.<\/p>\n\n\n\n<p><strong>2.Cemre:<\/strong> G\u00fcc\u00fck ay\u0131n\u0131n 14. g\u00fcn\u00fcnde (27 \u015fubat) cemre suya d\u00fc\u015fer. Sular \u0131s\u0131nmaya ba\u015flar.<\/p>\n\n\n\n<p><strong>3.Cemre: <\/strong>G\u00fcc\u00fck ay\u0131n\u0131n 21. g\u00fcn\u00fcnde (miladi 6 mart) cemre topra\u011fa d\u00fc\u015fer. Toprak \u0131s\u0131nmaya ba\u015flar.<\/p>\n\n\n\n<p><strong>G\u00e2vurun K\u00fcfr\u00fc-G\u00e2vurun G\u00fcn\u00fc:<\/strong> G\u00e2vurun g\u00fcn\u00fc, g\u00fcc\u00fc\u011f\u00fcn \u00e7\u0131kmas\u0131 ile mart\u0131n girmesi aras\u0131nda (tahminen 10-14 mart aras\u0131nda) olur. G\u00e2vurun k\u00fcfr\u00fcnde bacaya \u00e7\u0131k\u0131larak, horanta (aile fertleri) say\u0131s\u0131 kadar ta\u015f ayr\u0131l\u0131r. Herkesin ta\u015f\u0131 b\u00fcy\u00fckten k\u00fc\u00e7\u00fc\u011fe, puharenin (b\u00fcy\u00fck baca) kenar\u0131na dizilir. Bir g\u00fcn sonra ta\u015flar kald\u0131r\u0131larak alt\u0131na bak\u0131l\u0131r. Kimin ta\u015f\u0131n\u0131n alt\u0131ndan fazla b\u00f6cek \u00e7\u0131karsa onun bu y\u0131l nasibi bol olur.<\/p>\n\n\n\n<p><strong>Beldir Aciz- Kocakar\u0131 So\u011fuklar\u0131:<\/strong> Baba hesab\u0131na g\u00f6re g\u00fcc\u00fck ay\u0131n\u0131n 26. g\u00fcn\u00fc ile mart ay\u0131n\u0131n 4. g\u00fcnleri (11-17 mart) aras\u0131nda devam eden say\u0131l\u0131 f\u0131rt\u0131nad\u0131r. Beldir Aciz f\u0131rt\u0131nas\u0131, \u201cBeldir aciz, yer g\u00f6k taciz\u201d \u201c\u00dc\u00e7\u00fc \u015fubatta, d\u00f6rd\u00fc martta\u201d gibi s\u00f6zlerle tarif edilir.bu f\u0131rt\u0131nal\u0131 g\u00fcnlere \u201cKocakar\u0131 So\u011fuklar\u0131\u201d ad\u0131 verilir.<\/p>\n\n\n\n<p><strong>Haft\u0131 Hambal- Mart Dokuzu: <\/strong>Baba hesab\u0131na g\u00f6re, mart ay\u0131n\u0131n 9. g\u00fcn\u00fc (22 mart) Haft\u0131 Hambald\u0131r. G\u00fcne\u015f Hamel burcuna girer ve gece g\u00fcnd\u00fcz e\u015fit olur. \u201cMart Dokuzu \u201c olarak bilinen bu g\u00fcnde, bahar ba\u015flar.<\/p>\n\n\n\n<p><strong>Abr\u0131l Be\u015fi F\u0131rt\u0131nas\u0131:<\/strong> Abril ay\u0131n\u0131n 5. g\u00fcn\u00fcnde (18 nisan) g\u00f6r\u00fclen say\u0131l\u0131 f\u0131rt\u0131nad\u0131r. \u00c7ok \u015fiddetli so\u011fuk olur. Halk: Sak\u0131n abril be\u015finden cam\u0131z\u0131 ay\u0131r\u0131r e\u015finden!\u201d diyerek bilmeyenleri bu f\u0131rt\u0131naya kar\u015f\u0131 uyar\u0131r.<\/p>\n\n\n\n<p><strong>Sitte Sevir:<\/strong> Abril ay\u0131n\u0131n 7. g\u00fcn\u00fc ile 12. g\u00fcn\u00fc ( 20-25 nisan) aras\u0131nda 6 g\u00fcn s\u00fcren say\u0131l\u0131 f\u0131rt\u0131nad\u0131r. Bu f\u0131rt\u0131na \u201cSitte Sevir, her saati bir devir\u201d deyimiyle, bir an\u0131 bir an\u0131n\u0131 tutmayan zaman dilimi \u015feklinde tan\u0131mlan\u0131r.<\/p>\n\n\n\n<p><strong>H\u0131drellez: <\/strong>Abrilin 23. g\u00fcn\u00fc (miladi 6 May\u0131s) seneyi ikiye b\u00f6len g\u00fcnd\u00fcr. \u201cVer H\u0131drellez\u2019i vereyim yaz\u0131\u201d s\u00f6z\u00fcyle yaz\u0131n gelmi\u015f oldu\u011fu do\u011frulan\u0131r.<\/p>\n\n\n\n<p><strong>\u00dclger Do\u011fumu F\u0131rt\u0131nas\u0131: <\/strong>\u00dclger y\u0131ld\u0131z\u0131, baba hesab\u0131na g\u00f6re may\u0131s\u0131n 18. g\u00fcn\u00fc (31 may\u0131s) do\u011far. G\u00fcn do\u011fusundan \u015fiddetli bir yel eser. Bu yel insanlar, hayvanlara ve bostanlara zarar verir. Bu y\u00fczden \u00fclger do\u011faca\u011f\u0131 g\u00fcn hayvanlar d\u0131\u015far\u0131 \u00e7\u0131kar\u0131lmaz, ah\u0131r ve a\u011f\u0131llar\u0131n pencereleri, kap\u0131lar\u0131 kapal\u0131 tutulur.<\/p>\n\n\n\n<p><strong>G\u00fcnd\u00f6n\u00fcm\u00fc:<\/strong> Baba hesab\u0131na g\u00f6re, haziran\u0131n 12. g\u00fcn\u00fc (25 Haziran) g\u00fcn d\u00f6ner.<\/p>\n\n\n\n<p><strong>Kuyruk Do\u011fumu: <\/strong>Baba hesab\u0131na g\u00f6re haziran\u0131n 18. g\u00fcn\u00fc (1 Temmuz) kuyruk do\u011far. Kuyruk Y\u0131ld\u0131z\u0131 da \u00dclger Y\u0131ld\u0131z\u0131 gibi do\u011fdu\u011funda mala davara zarar verir.<\/p>\n\n\n\n<p>Terazi Do\u011fumu: Terazi Y\u0131ld\u0131z\u0131 baba hesab\u0131na g\u00f6re temmuzun 18. g\u00fcn\u00fc (31 Temmuz) do\u011far.<\/p>\n\n\n\n<p><strong>Mihrican-Bostan Bozan:<\/strong> \u0130lkg\u00fcz ile ortag\u00fcz aras\u0131nda (14 Eyl\u00fcl-14 Ekim) g\u00f6r\u00fclen f\u0131rt\u0131nad\u0131r. \u00dclker yeli gibi, \u00e7ok so\u011fuk eser ve b\u00fct\u00fcn mahsulleri mahveder.<\/p>\n\n\n\n<p><strong>K\u0131\u015f Tahmini<\/strong><\/p>\n\n\n\n<p>K\u0131\u015f 99 g\u00fcn s\u00fcrer. Buna 99 Hesap ad\u0131 verilir. Karak\u0131\u015f\u0131n 1\u2019inden ba\u015flamak \u00fczere 99 g\u00fcn say\u0131l\u0131r ve 99 hesap bitince, \u2018Da\u011f ba\u015f\u0131 tand\u0131r ba\u015f\u0131\u2019 olur. Yani, da\u011f ba\u015f\u0131 tand\u0131r ba\u015f\u0131 gibi s\u0131cak olur. Yaz\u0131da (d\u0131\u015far\u0131da) kalan \u00f6lmez. Karak\u0131\u015f\u0131n ba\u015flang\u0131c\u0131 olan 14 Aral\u0131k g\u00fcn\u00fcne 99 g\u00fcn ilave edilirse bu s\u00fcre 21 marta yani Nevroz g\u00fcn\u00fcne isabet eder ki zaten Nevrozdan sonraki g\u00fcnlerde k\u0131\u015f\u0131n tesiri ge\u00e7mi\u015f demektir. K\u0131\u015f, mart 9\u2019u ile tesirini yitirir. Abr\u0131l be\u015finden sonra tehlikeli olmaktan \u00e7\u0131kar. May\u0131s ay\u0131n\u0131n ba\u015flang\u0131c\u0131 ile biti\u015fi aras\u0131ndaki bir tarihte sona erer. \u201cUrumun k\u0131\u015f\u0131, ya may\u0131s\u0131n sonu, ya may\u0131s\u0131n ba\u015f\u0131\u201d denilerek, ger\u00e7ek anlamda k\u0131\u015f\u0131n may\u0131s ay\u0131 i\u00e7inde sona erece\u011fi belirtilir. \u201cVer H\u0131drellez\u2019i veriyim yaz\u0131\u201d \u015feklindeki deyim bu fikri destekler mahiyettedir. K\u0131\u015f\u0131n s\u00fcresini tahmin etmeye yarayan inan\u0131\u015f, uygulama ve tahmin metotlar\u0131ndan baz\u0131lar\u0131 \u015funlard\u0131r:<\/p>\n\n\n\n<p>\u201cKo\u00e7 kat\u0131m\u0131nda, ko\u00e7 ilk olarak kara koyuna sa\u011f erdirse (ili\u015firse) o y\u0131l k\u0131\u015f az olur. (Kara koyun ortal\u0131\u011f\u0131n kara olmas\u0131na, yani kar\u0131n az olmas\u0131na i\u015farettir) Ko\u00e7 e\u011fer beyaz koyuna sa\u011f erdirse o y\u0131l k\u0131\u015f uzun ge\u00e7er\u201d.&nbsp; (Beyaz koyun a\u015f\u0131r\u0131 derecede kar ya\u011f\u0131\u015f\u0131na i\u015farettir)<\/p>\n\n\n\n<p>\u201cG\u00fcz mevsimi erken gelir, r\u00fczg\u00e2r \u00e7ok eserse o y\u0131l k\u0131\u015f uzun s\u00fcrer.\u201d<\/p>\n\n\n\n<p>\u201cG\u00fcz\u00fcn ya\u011fmur \u00e7ok ya\u011farsa k\u0131\u015f uzun ge\u00e7er\u201d<\/p>\n\n\n\n<p>\u201cA\u011fa\u00e7lar yapraklar\u0131n\u0131 erken d\u00f6kerse k\u0131\u015f \u00e7ok olur\u201d<\/p>\n\n\n\n<p>\u201cKavaklar\u0131n yapraklar\u0131n\u0131 tepeden d\u00f6kmeye ba\u015flamas\u0131 o y\u0131l k\u0131\u015f\u0131n uzun ve sert ge\u00e7ece\u011fine i\u015farettir. Kavaklar yapraklar\u0131n\u0131 etekten d\u00f6kmeye ba\u015flarsa o y\u0131l k\u0131\u015f k\u0131sa ge\u00e7ecek demektir.\u201d<\/p>\n\n\n\n<p>\u201cIrmak ve dere kenarlar\u0131 \u00e7ok yosun ba\u011flarsa k\u0131\u015f erken gelir\u201d<\/p>\n\n\n\n<p>\u201cKo\u00e7 ay\u0131nda so\u011fuk \u00e7ok olursa o y\u0131l k\u0131\u015f uzun ve sert ge\u00e7ecek demektir\u201d<\/p>\n\n\n\n<p>\u201cKo\u00e7 ay\u0131nda davar s\u0131k yatarsa, k\u0131\u015f uzun ve sert ge\u00e7ecek, seyrek yatarsa, hafif ge\u00e7ecek demektir\u201d<\/p>\n\n\n\n<p>\u201c3. cemrenin d\u00fc\u015ft\u00fc\u011f\u00fc g\u00fcn hava so\u011fuk olursa, k\u0131\u015f uzun s\u00fcrer\u201d<\/p>\n\n\n\n<p>Yaz Tahmini<\/p>\n\n\n\n<p><strong>99 Hesaba G\u00f6re:<\/strong> Yukarda belirtildi\u011fi gibi 99 hesaba g\u00f6re, k\u0131\u015f mart dokuzunda (22 mart) biter. Bundan sonraki g\u00fcnler so\u011fuk ge\u00e7se de yaz g\u00fcn\u00fc say\u0131l\u0131r.<\/p>\n\n\n\n<p><strong>90 Hesaba G\u00f6re: <\/strong>Doksan hesaba g\u00f6re, k\u0131\u015f 90 g\u00fcn s\u00fcrer, ondan sonraki g\u00fcnler h\u00fckmen yaz g\u00fcnleridir. Bu hesaba g\u00f6re miladi 14 Mart g\u00fcn\u00fc yaz gelir. \u201cDok san\u00e7\u0131l Ku\u015fu\u201d ad\u0131 verilen bir ku\u015f, yan\u0131na 90 ta\u015f alarak karak\u0131\u015f\u0131n 1. g\u00fcn\u00fc deli\u011fine girer, her g\u00fcn d\u0131\u015far\u0131 bir ta\u015f atar, 90. ta\u015f\u0131 d\u0131\u015far\u0131 att\u0131\u011f\u0131 g\u00fcn \u201cYaz geldi!\u201d diyerek yuvas\u0131ndan \u00e7\u0131karm\u0131\u015f.<\/p>\n\n\n\n<p><strong>Abr\u0131l Be\u015fine G\u00f6re:<\/strong> Abr\u0131l be\u015fi (miladi 18 nisan) \u00e7\u0131kmadan yaz gelmez. Bundan sonraki g\u00fcnler yaz g\u00fcn\u00fc say\u0131l\u0131r.<\/p>\n\n\n\n<p><strong>Yaz mevsimi:<\/strong> \u201cBir ku\u015fum var \u00f6tmeyi\u015fin (\u00f6tmeyince), bir otum var bitmeyi\u015fin (bitmeyince) gelmem\u201d dermi\u015f. Buradaki ku\u015f K\u00f6rba\u011f ku\u015fu (Bayku\u015f) veya ibibik, ot ise, \u00fczerliktir. \u00c7\u00fcnk\u00fc \u00fczerlik otu ge\u00e7 g\u00fcverir (ye\u015ferir).<\/p>\n\n\n\n<p>Urumun k\u0131\u015f\u0131, ya may\u0131s\u0131n sonu, ya may\u0131s\u0131n ba\u015f\u0131: Bu d\u00fc\u015f\u00fcnceye g\u00f6re, k\u0131\u015f may\u0131s ay\u0131n\u0131n ba\u015f\u0131 ile sonu aras\u0131ndaki bir tarihte sona ermektedir. Buradaki may\u0131s ay\u0131 baba hesab\u0131na g\u00f6re olan may\u0131st\u0131r. Yani, miladi 14 may\u0131s ile 13 haziran aras\u0131ndaki s\u00fcredir. K\u0131\u015f\u0131n bu tarihler aras\u0131na kadar s\u00fcr\u00fcp geldi\u011fini belirten bu d\u00fc\u015f\u00fcnce belki de ge\u00e7mi\u015fteki ac\u0131 tecr\u00fcbelere dayanmaktad\u0131r.<\/p>\n\n\n\n<p>Ver H\u0131drellez\u2019i veriyim yaz\u0131: Bu d\u00fc\u015f\u00fcnceye g\u00f6re, yaz mevsimi H\u0131drellez\u2019le birlikte gelir.<\/p>\n\n\n\n<p>G\u00fcn d\u00f6nd\u00fc yaz, g\u00fcn d\u00f6nd\u00fc k\u0131\u015f: Baba hesab\u0131na g\u00f6re g\u00fcnd\u00f6n\u00fcm\u00fc haziran\u0131n 12\u2019sinde (25 Haziran) olmaktad\u0131r. \u201cG\u00fcn\u00fcn d\u00f6n\u00fcm\u00fc, otun bi\u00e7imi\u201d denilerek bi\u00e7im zaman\u0131n\u0131n geldi\u011fi yani yaz\u0131n geldi\u011fi vurgulan\u0131r.<\/p>\n\n\n\n<p>Di\u011fer say\u0131l\u0131 g\u00fcnler:<\/p>\n\n\n\n<p>Zemheri F\u0131rt\u0131nas\u0131: 8 Ocak<\/p>\n\n\n\n<p>Ayandon F\u0131rt\u0131nas\u0131: 28 -29 Ocak (Ayandon f\u0131rt\u0131nas\u0131 tarihte Bizans gemilerini ve kad\u0131rgalar\u0131n\u0131 topluca bat\u0131ran f\u0131rt\u0131na)<\/p>\n\n\n\n<p>A\u011fa\u00e7 dikim: 10 \u015eubat<\/p>\n\n\n\n<p>Leyleklerin d\u00f6n\u00fc\u015f\u00fc: 28 \u015fubat<\/p>\n\n\n\n<p>A\u011fa\u00e7lar\u0131 su y\u00fcr\u00fcmesi: 2 Mart<\/p>\n\n\n\n<p>A\u011fa\u00e7 budama: 7 Mart<\/p>\n\n\n\n<p>Kocakar\u0131 So\u011fuklar\u0131: 11 Mart<\/p>\n\n\n\n<p>Kocakar\u0131 F\u0131rt\u0131nas\u0131: 14 mart<\/p>\n\n\n\n<p>\u00c7aylak F\u0131rt\u0131nas\u0131: 26 Mart<\/p>\n\n\n\n<p>\u00c7aylaklar\u0131n gelmesi: 29 Mart<\/p>\n\n\n\n<p>K\u0131rlang\u0131\u00e7 F\u0131rt\u0131nas\u0131: 8 Nisan<\/p>\n\n\n\n<p>\u015eafak Korosu: 4 May\u0131s<\/p>\n\n\n\n<p>Mevsimsiz so\u011fuklar 14 may\u0131s<\/p>\n\n\n\n<p>Ekim bi\u00e7me zaman\u0131: 7 Haziran<\/p>\n\n\n\n<p>\u00dclker Do\u011fumu F\u0131rt\u0131nas\u0131: 10 Haziran<\/p>\n\n\n\n<p>G\u00fcn do\u011fumu f\u0131rt\u0131nas\u0131: 22 haziran<\/p>\n\n\n\n<p>Yaprak a\u015f\u0131s\u0131 zaman\u0131: 24 Haziran<\/p>\n\n\n\n<p>K\u0131z\u0131lc\u0131k F\u0131rt\u0131nas\u0131: 27 Haziran<\/p>\n\n\n\n<p>Yaprak F\u0131rt\u0131nas\u0131: 29 Haziran<\/p>\n\n\n\n<p>Sam r\u00fczgarlar\u0131: 3 Temmuz<\/p>\n\n\n\n<p>\u00c7ark D\u00f6nd\u00fc F\u0131rt\u0131nas\u0131: 11 Temmuz<\/p>\n\n\n\n<p>K\u0131z\u0131l Erik F\u0131rt\u0131nas\u0131: 30 temmuz<\/p>\n\n\n\n<p>Leylek g\u00f6\u00e7\u00fc: 28 A\u011fustos<\/p>\n\n\n\n<p>Ko\u00e7 ay\u0131rma zaman\u0131: 7 Eyl\u00fcl<\/p>\n\n\n\n<p>\u00c7aylak F\u0131rt\u0131nas\u0131: 13 Eyl\u00fcl<\/p>\n\n\n\n<p>Turna Ge\u00e7imi F\u0131rt\u0131nas\u0131: 30 Eyl\u00fcl<\/p>\n\n\n\n<p>Ko\u00e7 Kat\u0131m F\u0131rt\u0131nas\u0131: 4 Ekim<\/p>\n\n\n\n<p>Ba\u011f bozumu: 21 Ekim<\/p>\n\n\n\n<p>Ba\u011f bozumu f\u0131rt\u0131nas\u0131: 22 Ekim<\/p>\n\n\n\n<p>Sular\u0131n so\u011fumas\u0131: 22 Ekim<\/p>\n\n\n\n<p>Bal\u0131k f\u0131rt\u0131nas\u0131: 27 Ekim<\/p>\n\n\n\n<p>A\u011fa\u00e7 budama zaman\u0131: 31 ekim<\/p>\n\n\n\n<p>Ku\u015f ge\u00e7imi f\u0131rt\u0131nas\u0131: 2 \u2013 6 Kas\u0131m<\/p>\n\n\n\n<p>Past\u0131rma yaz\u0131 12 kas\u0131m<\/p>\n\n\n\n<p>So\u011fuklar\u0131n ba\u015flamas\u0131: 24 Kas\u0131m<\/p>\n\n\n\n<p>\u00dclker D\u00f6n\u00fcm\u00fc F\u0131rt\u0131nas\u0131: 2 Aral\u0131k<\/p>\n\n\n\n<p>Karak\u0131\u015f: 9 Aral\u0131k<\/p>\n","protected":false},"excerpt":{"rendered":"<p>Bug\u00fcn okuyan herkesin dikkatini \u00e7ekece\u011fini umdu\u011fum ve bir \u015fekilde kulak a\u015final\u0131\u011f\u0131n\u0131zla birlikte bunu ben de duymu\u015ftum, bunu ben de biliyordum veya bunu ilk kez duydum diyerek tepki verece\u011finizi d\u00fc\u015f\u00fcnd\u00fc\u011f\u00fcm bir konu olan atalar\u0131m\u0131z\u0131n ge\u00e7mi\u015f zamanlarda kulland\u0131\u011f\u0131 mevsimsel d\u00f6ng\u00fclerden ve bunlara &hellip; <a href=\"https:\/\/www.siirmolasi.com\/?p=12094\">Okumaya devam et <span class=\"meta-nav\">&rarr;<\/span><\/a><\/p>\n","protected":false},"author":1,"featured_media":0,"comment_status":"open","ping_status":"open","sticky":false,"template":"","format":"standard","meta":{"footnotes":""},"categories":[1],"tags":[],"_links":{"self":[{"href":"https:\/\/www.siirmolasi.com\/index.php?rest_route=\/wp\/v2\/posts\/12094"}],"collection":[{"href":"https:\/\/www.siirmolasi.com\/index.php?rest_route=\/wp\/v2\/posts"}],"about":[{"href":"https:\/\/www.siirmolasi.com\/index.php?rest_route=\/wp\/v2\/types\/post"}],"author":[{"embeddable":true,"href":"https:\/\/www.siirmolasi.com\/index.php?rest_route=\/wp\/v2\/users\/1"}],"replies":[{"embeddable":true,"href":"https:\/\/www.siirmolasi.com\/index.php?rest_route=%2Fwp%2Fv2%2Fcomments&post=12094"}],"version-history":[{"count":1,"href":"https:\/\/www.siirmolasi.com\/index.php?rest_route=\/wp\/v2\/posts\/12094\/revisions"}],"predecessor-version":[{"id":12099,"href":"https:\/\/www.siirmolasi.com\/index.php?rest_route=\/wp\/v2\/posts\/12094\/revisions\/12099"}],"wp:attachment":[{"href":"https:\/\/www.siirmolasi.com\/index.php?rest_route=%2Fwp%2Fv2%2Fmedia&parent=12094"}],"wp:term":[{"taxonomy":"category","embeddable":true,"href":"https:\/\/www.siirmolasi.com\/index.php?rest_route=%2Fwp%2Fv2%2Fcategories&post=12094"},{"taxonomy":"post_tag","embeddable":true,"href":"https:\/\/www.siirmolasi.com\/index.php?rest_route=%2Fwp%2Fv2%2Ftags&post=12094"}],"curies":[{"name":"wp","href":"https:\/\/api.w.org\/{rel}","templated":true}]}}