{"id":12045,"date":"2025-10-05T09:05:26","date_gmt":"2025-10-05T06:05:26","guid":{"rendered":"https:\/\/www.siirmolasi.com\/?p=12045"},"modified":"2025-10-05T09:05:27","modified_gmt":"2025-10-05T06:05:27","slug":"yedi-cekirdekli-meyvenin-hikayesi","status":"publish","type":"post","link":"https:\/\/www.siirmolasi.com\/?p=12045","title":{"rendered":"Yedi \u00c7ekirdekli Meyvenin Hikayesi&#8230;"},"content":{"rendered":"\n<figure class=\"wp-block-image size-full\"><a href=\"https:\/\/www.siirmolasi.com\/wp-content\/uploads\/2025\/10\/1000188789.png\"><img loading=\"lazy\" decoding=\"async\" width=\"1024\" height=\"1024\" src=\"https:\/\/www.siirmolasi.com\/wp-content\/uploads\/2025\/10\/1000188789.png\" alt=\"\" class=\"wp-image-12046\" srcset=\"https:\/\/www.siirmolasi.com\/wp-content\/uploads\/2025\/10\/1000188789.png 1024w, https:\/\/www.siirmolasi.com\/wp-content\/uploads\/2025\/10\/1000188789-300x300.png 300w, https:\/\/www.siirmolasi.com\/wp-content\/uploads\/2025\/10\/1000188789-150x150.png 150w, https:\/\/www.siirmolasi.com\/wp-content\/uploads\/2025\/10\/1000188789-768x768.png 768w\" sizes=\"(max-width: 1024px) 100vw, 1024px\" \/><\/a><\/figure>\n\n\n\n<p>\u00c7orak ve killi topraklardan f\u0131\u015fk\u0131ran nadir ye\u015filin hikayesini yaz\u0131n s\u0131ca\u011f\u0131nda bir g\u00f6lge pe\u015fine d\u00fc\u015ft\u00fc\u011f\u00fcn\u00fcz zaman buldu\u011funuz o a\u011fac\u0131n dibinde \u00f6\u011frenebilirsiniz.<\/p>\n\n\n\n<p>Bu ye\u015fili canland\u0131rmak i\u00e7in gelin birlikte hayalimizden g\u00f6rsel haf\u0131zam\u0131za bir bildirim g\u00f6nderelim. Varsayal\u0131m aylardan A\u011fustos ve \u0130\u00e7 Anadolu b\u00f6lgesini yatay bir \u015fekilde il il k\u00f6ylerinden ge\u00e7erek geziyorsunuz.\u00a0<\/p>\n\n\n\n<p>Gezerken \u00e7ok uzun s\u00fcrmeden o dejavu ba\u015flar ve g\u00f6ky\u00fcz\u00fcndeki bulutlara benzer bir \u00f6rt\u00fc sadece renk ayr\u0131m\u0131 fark\u0131yla sizi takip ediyor hissine kap\u0131l\u0131rs\u0131n\u0131z.\u00a0<\/p>\n\n\n\n<p>Her yer alabildi\u011fine sar\u0131n\u0131n t\u00fcrl\u00fc tonlamalar\u0131yla sizi u\u00e7suz ve bucaks\u0131zl\u0131\u011fa \u00e7eker.<\/p>\n\n\n\n<p>\u0130\u015fte yaz\u0131n\u0131n ba\u015f\u0131nda s\u00f6yledi\u011fim o nadir ye\u015fil tonun sahibi a\u011fa\u00e7lar\u0131 ara ara g\u00f6rmeye o anda ba\u015flars\u0131n\u0131z.<\/p>\n\n\n\n<p>Derin sar\u0131n\u0131n ortas\u0131nda g\u00f6lgelik ve konakt\u0131r onlar.<\/p>\n\n\n\n<p>Uyku serinli\u011fidir.<\/p>\n\n\n\n<p>Yaln\u0131zl\u0131\u011f\u0131n dostudur.<\/p>\n\n\n\n<p>Hayallerin dile geldi\u011fi yerdir.<\/p>\n\n\n\n<p>Ve her ne hikmetse onlar\u0131 g\u00f6rd\u00fc\u011f\u00fcn\u00fczde sanki falanca yerdeki yere benziyor diye sizi kilometreler \u00f6tesine g\u00f6t\u00fcr\u00fcr kendi i\u00e7ine \u00e7eker.<\/p>\n\n\n\n<p>Ayn\u0131 bir zamanlar Windows&#8217;un ye\u015fil ekran g\u00f6r\u00fcnt\u00fcs\u00fcn\u00fcn benzeri payla\u015f\u0131mlar\u0131nda oldu\u011fu gibi&#8230;<\/p>\n\n\n\n<p>San\u0131r\u0131m pek \u00e7o\u011funuz hangi a\u011fa\u00e7lardan bahsetti\u011fimin anlad\u0131.<\/p>\n\n\n\n<p>Ahlat ve Al\u0131\u00e7 a\u011fa\u00e7lar\u0131.<\/p>\n\n\n\n<p>Bende bug\u00fcn bunca girizgaha konu olan karasal iklimin dayan\u0131kl\u0131 meyve a\u011fa\u00e7lar\u0131ndan yokluk meyvesi Al\u0131\u00e7 ile ilgili ge\u00e7mi\u015f y\u0131llarda ya\u015fanan tatl\u0131 bir hikayeden sizlere bahsetmeye \u00e7al\u0131\u015faca\u011f\u0131m.<\/p>\n\n\n\n<p>1950&#8217;li y\u0131llar.<\/p>\n\n\n\n<p>\u00c7ank\u0131r\u0131, Kur\u015funlu, Sivricek beldesinden Ankara&#8217;ya \u00e7al\u0131\u015fmaya giden b\u00fcy\u00fck day\u0131m\u0131z g\u00f6nl\u00fcn\u00fc Ankaral\u0131 bir han\u0131mefendiye kapt\u0131r\u0131r.<\/p>\n\n\n\n<p>Day\u0131m\u0131z bir g\u00fcn ortak tan\u0131\u015flar vas\u0131tas\u0131yla yengemizle tan\u0131\u015f\u0131r ve ara ara g\u00f6r\u00fc\u015fmeye ba\u015flarlar.<\/p>\n\n\n\n<p>Yengemizin en b\u00fcy\u00fck merak\u0131 haliyle day\u0131m\u0131z\u0131n aile yap\u0131s\u0131, gelenekleri ve memleketinin nas\u0131l bir yer oldu\u011fudur.<\/p>\n\n\n\n<p>Day\u0131m da pek \u00e7ok \u015feyi anlat\u0131r ama \u00e7ekinerek, sevdi\u011fini kaybetme korkusuyla memleketin \u00e7orak halinden bahsetmek istemez ve akl\u0131na \u00e7ok zekice bir h\u00e2l \u00e7aresi gelir.<\/p>\n\n\n\n<p>Bir g\u00fcn \u015fu \u015fekilde bir a\u00e7\u0131klamada bulunur.<\/p>\n\n\n\n<p>Bizim oras\u0131 \u00f6yle bir yer ki, d\u00fc\u015f\u00fcn her yerde yedi \u00e7ekirde\u011fi olan meyve a\u011fa\u00e7lar\u0131 var. O a\u011fac\u0131n meyvesi o kadar \u00e7oktur ki; dibine d\u00fc\u015fenleri de k\u00fc\u00e7\u00fckba\u015f hayvanlar dahi yer der.<\/p>\n\n\n\n<p>Tabi ki bu anlat\u0131m biraz daha s\u00fcsl\u00fcd\u00fcr. Eksiklik anlat\u0131c\u0131 olarak benim kusurumdur. Sizler de mazur g\u00f6r\u00fcn.<\/p>\n\n\n\n<p>S\u00f6z\u00fc uzatmayay\u0131m yengemiz \u00e7ok merak etmeye ba\u015flar ve ni\u015fanl\u0131yken tam bu zamanlar trenle memlekete giderler.&nbsp;<\/p>\n\n\n\n<p>Tabii ki bir \u015fok ile kar\u015f\u0131la\u015f\u0131r. Her yer yaz\u0131n\u0131n ba\u015f\u0131nda da belirtti\u011fim gibi \u00e7orak ve ye\u015filden uzakt\u0131r. Sadece tarlalar\u0131n i\u00e7inde a\u011fa\u00e7lar vard\u0131r.<\/p>\n\n\n\n<p>H\u00e2liyle yengemiz sitemkar bir dille hayal k\u0131r\u0131kl\u0131\u011f\u0131na u\u011frayarak day\u0131m\u0131za sorar : Senin anlat\u0131m\u0131ndan ben b\u00f6yle bir yeri hayal etmemi\u015ftim der.&nbsp;<\/p>\n\n\n\n<p>Day\u0131m\u0131z da ba\u015f\u0131na gelecegi bildi\u011finden her \u015feyi \u00f6nceden planlam\u0131\u015ft\u0131r.&nbsp;<\/p>\n\n\n\n<p>Hemen bir al\u0131\u00e7 a\u011fac\u0131n\u0131n yan\u0131na g\u00f6t\u00fcr\u00fcr ve dal\u0131ndan bir meyve kopararak \u00e7ekirdeklerini saymas\u0131n\u0131 ister.<\/p>\n\n\n\n<p>Ve yengemiz \u00e7ekirdekleri sayd\u0131\u011f\u0131nda hafif bir tebess\u00fcmle al\u0131c\u0131n yedi \u00e7ekirde\u011finin oldu\u011funu g\u00f6r\u00fcr.<\/p>\n\n\n\n<p>Day\u0131m\u0131z da yalan s\u00f6ylemeden onu kaybetmek istemedi\u011fi i\u00e7in yukar\u0131da anlatt\u0131\u011f\u0131 gibi memleketini tarif etti\u011fini s\u00f6yler.<\/p>\n\n\n\n<p>\u00d6zetle; yokluk meyvesi minnac\u0131k al\u0131\u00e7 day\u0131m\u0131n kurtar\u0131c\u0131s\u0131 olmu\u015ftur.&nbsp;<\/p>\n\n\n\n<p>Selametle&nbsp;<\/p>\n\n\n\n<p>Ahmet K\u0130RAZ<\/p>\n","protected":false},"excerpt":{"rendered":"<p>\u00c7orak ve killi topraklardan f\u0131\u015fk\u0131ran nadir ye\u015filin hikayesini yaz\u0131n s\u0131ca\u011f\u0131nda bir g\u00f6lge pe\u015fine d\u00fc\u015ft\u00fc\u011f\u00fcn\u00fcz zaman buldu\u011funuz o a\u011fac\u0131n dibinde \u00f6\u011frenebilirsiniz. Bu ye\u015fili canland\u0131rmak i\u00e7in gelin birlikte hayalimizden g\u00f6rsel haf\u0131zam\u0131za bir bildirim g\u00f6nderelim. Varsayal\u0131m aylardan A\u011fustos ve \u0130\u00e7 Anadolu b\u00f6lgesini yatay &hellip; <a href=\"https:\/\/www.siirmolasi.com\/?p=12045\">Okumaya devam et <span class=\"meta-nav\">&rarr;<\/span><\/a><\/p>\n","protected":false},"author":1,"featured_media":0,"comment_status":"open","ping_status":"open","sticky":false,"template":"","format":"standard","meta":{"footnotes":""},"categories":[1],"tags":[],"_links":{"self":[{"href":"https:\/\/www.siirmolasi.com\/index.php?rest_route=\/wp\/v2\/posts\/12045"}],"collection":[{"href":"https:\/\/www.siirmolasi.com\/index.php?rest_route=\/wp\/v2\/posts"}],"about":[{"href":"https:\/\/www.siirmolasi.com\/index.php?rest_route=\/wp\/v2\/types\/post"}],"author":[{"embeddable":true,"href":"https:\/\/www.siirmolasi.com\/index.php?rest_route=\/wp\/v2\/users\/1"}],"replies":[{"embeddable":true,"href":"https:\/\/www.siirmolasi.com\/index.php?rest_route=%2Fwp%2Fv2%2Fcomments&post=12045"}],"version-history":[{"count":1,"href":"https:\/\/www.siirmolasi.com\/index.php?rest_route=\/wp\/v2\/posts\/12045\/revisions"}],"predecessor-version":[{"id":12047,"href":"https:\/\/www.siirmolasi.com\/index.php?rest_route=\/wp\/v2\/posts\/12045\/revisions\/12047"}],"wp:attachment":[{"href":"https:\/\/www.siirmolasi.com\/index.php?rest_route=%2Fwp%2Fv2%2Fmedia&parent=12045"}],"wp:term":[{"taxonomy":"category","embeddable":true,"href":"https:\/\/www.siirmolasi.com\/index.php?rest_route=%2Fwp%2Fv2%2Fcategories&post=12045"},{"taxonomy":"post_tag","embeddable":true,"href":"https:\/\/www.siirmolasi.com\/index.php?rest_route=%2Fwp%2Fv2%2Ftags&post=12045"}],"curies":[{"name":"wp","href":"https:\/\/api.w.org\/{rel}","templated":true}]}}