{"id":11607,"date":"2023-04-17T12:36:45","date_gmt":"2023-04-17T09:36:45","guid":{"rendered":"http:\/\/siirmolasi.com\/?p=11607"},"modified":"2023-04-17T12:36:47","modified_gmt":"2023-04-17T09:36:47","slug":"siir-molasi-8-yasinda","status":"publish","type":"post","link":"https:\/\/www.siirmolasi.com\/?p=11607","title":{"rendered":"\u015eiir Molas\u0131 8 Ya\u015f\u0131nda&#8230;"},"content":{"rendered":"\n<ul class=\"wp-block-gallery columns-1 is-cropped wp-block-gallery-1 is-layout-flex wp-block-gallery-is-layout-flex\"><li class=\"blocks-gallery-item\"><figure><img loading=\"lazy\" decoding=\"async\" width=\"247\" height=\"200\" src=\"http:\/\/siirmolasi.com\/wp-content\/uploads\/2016\/06\/loggo.jpg\" alt=\"\" data-id=\"5105\" data-link=\"http:\/\/siirmolasi.com\/?attachment_id=5105\" class=\"wp-image-5105\"\/><\/figure><\/li><\/ul>\n\n\n\n<p>Uzun zaman oldu hat\u0131rla\u015fmayal\u0131&#8230; Hayat bu s\u0131ralar maalesef son birka\u00e7 y\u0131ld\u0131r meydana gelen ve birinin ac\u0131s\u0131 bitmeden di\u011ferini ya\u015fad\u0131\u011f\u0131m\u0131z do\u011fal afetlerden dolay\u0131 olduk\u00e7a h\u00fcz\u00fcn dolu. Bu s\u00fcre\u00e7te ya\u015fanan ac\u0131lar\u0131n b\u00fcy\u00fckl\u00fc\u011f\u00fcnden ve h\u00fczn\u00fcnden olsa gerek insan\u0131n eli hi\u00e7bir \u015feye gitmiyor.<\/p>\n\n\n\n<p>Ne hayat ayn\u0131 hayat&#8230;<\/p>\n\n\n\n<p>Ne yedi\u011fimizin tad\u0131 var&#8230;<\/p>\n\n\n\n<p>Ne de ramazan, ramazan gibi&#8230; <\/p>\n\n\n\n<p>Yakla\u015fan bir bayram var ama ad\u0131 bayram.<\/p>\n\n\n\n<p>\u0130\u015fte tam bu noktada ben de iki evlad\u0131mdan sonra \u00e7ocu\u011fum gibi ilgi g\u00f6sterdi\u011fim, de\u011fer verdi\u011fim, zaman ay\u0131rd\u0131\u011f\u0131m \u015eiir Molas\u0131n\u0131 olduk\u00e7a yaln\u0131z b\u0131rakt\u0131m.<\/p>\n\n\n\n<p>Buruk da olsa 8. senemize eri\u015fti\u011fimizi sizlere duyurmak istedim.<\/p>\n\n\n\n<p>Rabbim ba\u015fta yak\u0131nlar\u0131n\u0131 kaybedenler olmak \u00fczere t\u00fcm milletimize tekrardan sab\u0131r versin. Vefat edenlerimize de rahmet etsin.<\/p>\n\n\n\n<p>Sa\u011fl\u0131cakla kal\u0131n&#8230;<\/p>\n\n\n\n<p style=\"text-align:right\">Ahmet K\u0130RAZ<\/p>\n","protected":false},"excerpt":{"rendered":"<p>Uzun zaman oldu hat\u0131rla\u015fmayal\u0131&#8230; Hayat bu s\u0131ralar maalesef son birka\u00e7 y\u0131ld\u0131r meydana gelen ve birinin ac\u0131s\u0131 bitmeden di\u011ferini ya\u015fad\u0131\u011f\u0131m\u0131z do\u011fal afetlerden dolay\u0131 olduk\u00e7a h\u00fcz\u00fcn dolu. Bu s\u00fcre\u00e7te ya\u015fanan ac\u0131lar\u0131n b\u00fcy\u00fckl\u00fc\u011f\u00fcnden ve h\u00fczn\u00fcnden olsa gerek insan\u0131n eli hi\u00e7bir \u015feye gitmiyor. Ne &hellip; <a href=\"https:\/\/www.siirmolasi.com\/?p=11607\">Okumaya devam et <span class=\"meta-nav\">&rarr;<\/span><\/a><\/p>\n","protected":false},"author":1,"featured_media":0,"comment_status":"open","ping_status":"open","sticky":false,"template":"","format":"standard","meta":{"footnotes":""},"categories":[170,10],"tags":[],"_links":{"self":[{"href":"https:\/\/www.siirmolasi.com\/index.php?rest_route=\/wp\/v2\/posts\/11607"}],"collection":[{"href":"https:\/\/www.siirmolasi.com\/index.php?rest_route=\/wp\/v2\/posts"}],"about":[{"href":"https:\/\/www.siirmolasi.com\/index.php?rest_route=\/wp\/v2\/types\/post"}],"author":[{"embeddable":true,"href":"https:\/\/www.siirmolasi.com\/index.php?rest_route=\/wp\/v2\/users\/1"}],"replies":[{"embeddable":true,"href":"https:\/\/www.siirmolasi.com\/index.php?rest_route=%2Fwp%2Fv2%2Fcomments&post=11607"}],"version-history":[{"count":1,"href":"https:\/\/www.siirmolasi.com\/index.php?rest_route=\/wp\/v2\/posts\/11607\/revisions"}],"predecessor-version":[{"id":11608,"href":"https:\/\/www.siirmolasi.com\/index.php?rest_route=\/wp\/v2\/posts\/11607\/revisions\/11608"}],"wp:attachment":[{"href":"https:\/\/www.siirmolasi.com\/index.php?rest_route=%2Fwp%2Fv2%2Fmedia&parent=11607"}],"wp:term":[{"taxonomy":"category","embeddable":true,"href":"https:\/\/www.siirmolasi.com\/index.php?rest_route=%2Fwp%2Fv2%2Fcategories&post=11607"},{"taxonomy":"post_tag","embeddable":true,"href":"https:\/\/www.siirmolasi.com\/index.php?rest_route=%2Fwp%2Fv2%2Ftags&post=11607"}],"curies":[{"name":"wp","href":"https:\/\/api.w.org\/{rel}","templated":true}]}}