{"id":11209,"date":"2021-04-18T13:33:02","date_gmt":"2021-04-18T10:33:02","guid":{"rendered":"http:\/\/siirmolasi.com\/?p=11209"},"modified":"2021-04-18T13:33:05","modified_gmt":"2021-04-18T10:33:05","slug":"dunden-bugune-kurumayan-irmak","status":"publish","type":"post","link":"https:\/\/www.siirmolasi.com\/?p=11209","title":{"rendered":"D\u00fcnden Bug\u00fcne Kurumayan Irmak&#8230;"},"content":{"rendered":"\n<figure class=\"wp-block-image is-resized\"><img loading=\"lazy\" decoding=\"async\" src=\"http:\/\/siirmolasi.com\/wp-content\/uploads\/2021\/02\/Ekran-Al\u0131nt\u0131s\u0131..jpg\" alt=\"\" class=\"wp-image-11147\" width=\"508\" height=\"506\" srcset=\"https:\/\/www.siirmolasi.com\/wp-content\/uploads\/2021\/02\/Ekran-Al\u0131nt\u0131s\u0131..jpg 630w, https:\/\/www.siirmolasi.com\/wp-content\/uploads\/2021\/02\/Ekran-Al\u0131nt\u0131s\u0131.-150x150.jpg 150w, https:\/\/www.siirmolasi.com\/wp-content\/uploads\/2021\/02\/Ekran-Al\u0131nt\u0131s\u0131.-300x300.jpg 300w\" sizes=\"(max-width: 508px) 100vw, 508px\" \/><\/figure>\n\n\n\n<p>Dokunakl\u0131 c\u00fcmlelerin tarih\u00e7esinde ba\u011fr\u0131 yan\u0131k insanlar\u0131n nefesi vard\u0131r. Ya\u015fanm\u0131\u015fl\u0131\u011f\u0131; ana tan\u0131k olmadan, resme bakmadan bo\u011faz\u0131n d\u00fc\u011f\u00fcmlene d\u00fc\u011f\u00fcmlene hissedersin&#8230;<\/p>\n\n\n\n<p>Bug\u00fcnlerde yirmi sene evvel kula\u011f\u0131ma \u00e7al\u0131nan bu s\u00f6zlerin mahiyetini yeni yeni anlayarak y\u00e2d eder, anlat\u0131lan hik\u00e2yeleri bedenimde hisseder oldum. Atalar\u0131m\u0131z her ne kadar s\u00f6z u\u00e7ar yaz\u0131 kal\u0131r demi\u015fseler de \u015funu es ge\u00e7mi\u015fler; tesirli s\u00f6z yaz\u0131dan daha b\u00e2k\u00eeymi\u015f&#8230;<\/p>\n\n\n\n<p>Rahmetli dedemin neslinin tedrisat\u0131ndan sa\u011flam ge\u00e7ti\u011fini d\u00fc\u015f\u00fcnen biri olarak y\u00e2d edilen d\u00fcnlerin ve misallerin vaka\u0131l\u0131\u011f\u0131 bende hi\u00e7 bu kadar net v\u00fccut bulmam\u0131\u015ft\u0131. <\/p>\n\n\n\n<p><strong>Bu bollu\u011fun yoklu\u011fu da olacak evl\u00e2d&#8230;<\/strong><\/p>\n\n\n\n<p><strong>Y\u0131lan bile topra\u011f\u0131 yalayarak yer evl\u00e2d&#8230;<\/strong><\/p>\n\n\n\n<p><strong>G\u00fcn g\u00fcn\u00fc arat\u0131r g\u00fcne\u015fin yoklu\u011funda ayaz bile k\u0131ymetli olur evl\u00e2d&#8230;<\/strong><\/p>\n\n\n\n<p>Hakl\u0131larm\u0131\u015f&#8230;<\/p>\n\n\n\n<p>Kula\u011f\u0131m\u0131z i\u015fitti ama anlamam\u0131z, anlamland\u0131rmam\u0131z bug\u00fcnlereymi\u015f.<\/p>\n\n\n\n<p>\u015eimdi sabah ak\u015fam kula\u011f\u0131m\u0131za enjekte edilen, ruhumuzu kemiren, d\u00fcnyam\u0131z\u0131 ters d\u00fcz eden bir salg\u0131n ve hemen ard\u0131 s\u0131ra ikincil olarak \u00fcst tonda dillendirilen, kap\u0131m\u0131zda oldu\u011fu s\u00f6ylenen bir k\u0131tl\u0131k ile susuzluk; kat\u0131ks\u0131z g\u00fcnlerinizin hissiyat\u0131n\u0131 hafif hafif yel gibi d\u00fc\u015f\u00fcncelerimize estirerek m\u00e2n\u00e2da ve idr\u00e2kta sanki bir uyand\u0131rma ya\u015fat\u0131yor bizlere&#8230;<\/p>\n\n\n\n<p>Ve hi\u00e7 olmad\u0131\u011f\u0131 kadar tesk\u00een ar\u0131yoruz.<\/p>\n\n\n\n<p>Korkuyu, umutsuzlu\u011fu yenecek tecr\u00fcbeyi yan\u0131 dibimizde g\u00f6rmek istiyoruz.<\/p>\n\n\n\n<p>Bilmiyorum siz de durum nedir ama ben s\u0131k s\u0131k \u00e2h dedem sen olsayd\u0131n fer\u00e2h\u0131n yeterdi diyorum&#8230;<\/p>\n\n\n\n<p>D\u00fcnde ezberi ve benzeri ya\u015fanm\u0131\u015f olan bug\u00fcnleri, d\u00fcn ac\u0131s\u0131yla ba\u011fr\u0131 yana yana ya\u015fayanlar\u0131n ellerimizden tutmas\u0131na \u00e7ok ihtiyac\u0131m\u0131z var.<\/p>\n\n\n\n<p>Bir de fazlas\u0131yla duaya&#8230;<\/p>\n\n\n\n<p>Sa\u011fl\u0131cakla&#8230;<\/p>\n\n\n\n<p>Ahmet K\u0130RAZ<\/p>\n","protected":false},"excerpt":{"rendered":"<p>Dokunakl\u0131 c\u00fcmlelerin tarih\u00e7esinde ba\u011fr\u0131 yan\u0131k insanlar\u0131n nefesi vard\u0131r. Ya\u015fanm\u0131\u015fl\u0131\u011f\u0131; ana tan\u0131k olmadan, resme bakmadan bo\u011faz\u0131n d\u00fc\u011f\u00fcmlene d\u00fc\u011f\u00fcmlene hissedersin&#8230; Bug\u00fcnlerde yirmi sene evvel kula\u011f\u0131ma \u00e7al\u0131nan bu s\u00f6zlerin mahiyetini yeni yeni anlayarak y\u00e2d eder, anlat\u0131lan hik\u00e2yeleri bedenimde hisseder oldum. Atalar\u0131m\u0131z her ne &hellip; <a href=\"https:\/\/www.siirmolasi.com\/?p=11209\">Okumaya devam et <span class=\"meta-nav\">&rarr;<\/span><\/a><\/p>\n","protected":false},"author":1,"featured_media":0,"comment_status":"open","ping_status":"open","sticky":false,"template":"","format":"standard","meta":{"footnotes":""},"categories":[170,10],"tags":[],"_links":{"self":[{"href":"https:\/\/www.siirmolasi.com\/index.php?rest_route=\/wp\/v2\/posts\/11209"}],"collection":[{"href":"https:\/\/www.siirmolasi.com\/index.php?rest_route=\/wp\/v2\/posts"}],"about":[{"href":"https:\/\/www.siirmolasi.com\/index.php?rest_route=\/wp\/v2\/types\/post"}],"author":[{"embeddable":true,"href":"https:\/\/www.siirmolasi.com\/index.php?rest_route=\/wp\/v2\/users\/1"}],"replies":[{"embeddable":true,"href":"https:\/\/www.siirmolasi.com\/index.php?rest_route=%2Fwp%2Fv2%2Fcomments&post=11209"}],"version-history":[{"count":1,"href":"https:\/\/www.siirmolasi.com\/index.php?rest_route=\/wp\/v2\/posts\/11209\/revisions"}],"predecessor-version":[{"id":11210,"href":"https:\/\/www.siirmolasi.com\/index.php?rest_route=\/wp\/v2\/posts\/11209\/revisions\/11210"}],"wp:attachment":[{"href":"https:\/\/www.siirmolasi.com\/index.php?rest_route=%2Fwp%2Fv2%2Fmedia&parent=11209"}],"wp:term":[{"taxonomy":"category","embeddable":true,"href":"https:\/\/www.siirmolasi.com\/index.php?rest_route=%2Fwp%2Fv2%2Fcategories&post=11209"},{"taxonomy":"post_tag","embeddable":true,"href":"https:\/\/www.siirmolasi.com\/index.php?rest_route=%2Fwp%2Fv2%2Ftags&post=11209"}],"curies":[{"name":"wp","href":"https:\/\/api.w.org\/{rel}","templated":true}]}}