{"id":1115,"date":"2015-06-08T22:50:58","date_gmt":"2015-06-08T19:50:58","guid":{"rendered":"http:\/\/siirmolasi.com\/?p=1115"},"modified":"2015-06-08T22:50:58","modified_gmt":"2015-06-08T19:50:58","slug":"cok-zaman-oldu","status":"publish","type":"post","link":"https:\/\/www.siirmolasi.com\/?p=1115","title":{"rendered":"\u00c7ok Zaman Oldu&#8230;"},"content":{"rendered":"<p>\u00c7ok y\u0131l oldu, seni g\u00f6rmeyeli,<br \/>\nG\u00f6r\u00fcr\u00fcrsen g\u00fcn\u00fcn birinde<br \/>\nY\u00fcz\u00fcm\u00fc hat\u0131rlar m\u0131s\u0131n?<\/p>\n<div>Seslensem, hatta bas bas ba\u011f\u0131rsam,<br \/>\nSesimi duyar m\u0131s\u0131n?<br \/>\n&#8220;\u0130\u015fte onun sesi, buralarda<br \/>\nhatta \u00e7ok yak\u0131n\u0131mda&#8221; deyip<br \/>\netraf\u0131na bak\u0131n\u0131r m\u0131s\u0131n?<br \/>\nSahiden akl\u0131nda suretim kald\u0131 m\u0131? Bilmiyorum.<br \/>\n\u00c7ok zaman oldu, \u015fiir yazmayal\u0131,<br \/>\nKelimeler beni unutmu\u015f olabilir mi?<br \/>\nOnun i\u00e7in mi, \u0131ss\u0131z \u0131ss\u0131z s\u00fcz\u00fclm\u00fcyorlar,<br \/>\ndefterlerimin aras\u0131na?<br \/>\nKalemim, onlar\u0131n istedi\u011fi dokunu\u015fu,<br \/>\nduygular\u0131 veremiyor mu, art\u0131k?<br \/>\nOnlara &#8220;gelin&#8221; desem,<br \/>\n&#8220;Yan\u0131n\u0131zda O&#8217;nu da getirin.&#8221; desem,<br \/>\nHatta orta yerde ba\u011fr\u0131nsam,<br \/>\nSesimi duymaz m\u0131s\u0131n\u0131z?<br \/>\nEtraf\u0131n\u0131za bak\u0131nmaz m\u0131s\u0131n\u0131z?<br \/>\nSahiden akl\u0131n\u0131zda suretim,<br \/>\nkalbinizdenizde sevgim, dilinizde ismim<br \/>\nve kula\u011f\u0131n\u0131zda sesim kald\u0131 m\u0131?<br \/>\nBilmiyorum.<\/div>\n<div>..<\/div>\n<div>Bu \u015fiirin telif hakk\u0131 yazar\u0131n (Selin Sabc\u0131o\u011flu) kendisine ve\/veya temsilcilerine aittir. Yaz\u0131lar\u0131n izin al\u0131nmadan kopyalanmas\u0131 ve kullan\u0131lmas\u0131 5846 say\u0131l\u0131 Fikir ve Sanat Eserleri Yasas\u0131na g\u00f6re su\u00e7tur<\/div>\n","protected":false},"excerpt":{"rendered":"<p>\u00c7ok y\u0131l oldu, seni g\u00f6rmeyeli, G\u00f6r\u00fcr\u00fcrsen g\u00fcn\u00fcn birinde Y\u00fcz\u00fcm\u00fc hat\u0131rlar m\u0131s\u0131n? Seslensem, hatta bas bas ba\u011f\u0131rsam, Sesimi duyar m\u0131s\u0131n? &#8220;\u0130\u015fte onun sesi, buralarda hatta \u00e7ok yak\u0131n\u0131mda&#8221; deyip etraf\u0131na bak\u0131n\u0131r m\u0131s\u0131n? Sahiden akl\u0131nda suretim kald\u0131 m\u0131? Bilmiyorum. \u00c7ok zaman oldu, \u015fiir &hellip; <a href=\"https:\/\/www.siirmolasi.com\/?p=1115\">Okumaya devam et <span class=\"meta-nav\">&rarr;<\/span><\/a><\/p>\n","protected":false},"author":1,"featured_media":0,"comment_status":"open","ping_status":"open","sticky":false,"template":"","format":"standard","meta":{"footnotes":""},"categories":[9,458],"tags":[460,459],"_links":{"self":[{"href":"https:\/\/www.siirmolasi.com\/index.php?rest_route=\/wp\/v2\/posts\/1115"}],"collection":[{"href":"https:\/\/www.siirmolasi.com\/index.php?rest_route=\/wp\/v2\/posts"}],"about":[{"href":"https:\/\/www.siirmolasi.com\/index.php?rest_route=\/wp\/v2\/types\/post"}],"author":[{"embeddable":true,"href":"https:\/\/www.siirmolasi.com\/index.php?rest_route=\/wp\/v2\/users\/1"}],"replies":[{"embeddable":true,"href":"https:\/\/www.siirmolasi.com\/index.php?rest_route=%2Fwp%2Fv2%2Fcomments&post=1115"}],"version-history":[{"count":1,"href":"https:\/\/www.siirmolasi.com\/index.php?rest_route=\/wp\/v2\/posts\/1115\/revisions"}],"predecessor-version":[{"id":1116,"href":"https:\/\/www.siirmolasi.com\/index.php?rest_route=\/wp\/v2\/posts\/1115\/revisions\/1116"}],"wp:attachment":[{"href":"https:\/\/www.siirmolasi.com\/index.php?rest_route=%2Fwp%2Fv2%2Fmedia&parent=1115"}],"wp:term":[{"taxonomy":"category","embeddable":true,"href":"https:\/\/www.siirmolasi.com\/index.php?rest_route=%2Fwp%2Fv2%2Fcategories&post=1115"},{"taxonomy":"post_tag","embeddable":true,"href":"https:\/\/www.siirmolasi.com\/index.php?rest_route=%2Fwp%2Fv2%2Ftags&post=1115"}],"curies":[{"name":"wp","href":"https:\/\/api.w.org\/{rel}","templated":true}]}}