{"id":10834,"date":"2020-12-19T00:43:57","date_gmt":"2020-12-18T21:43:57","guid":{"rendered":"http:\/\/siirmolasi.com\/?p=10834"},"modified":"2020-12-19T00:43:59","modified_gmt":"2020-12-18T21:43:59","slug":"babam-icin","status":"publish","type":"post","link":"https:\/\/www.siirmolasi.com\/?p=10834","title":{"rendered":"Babam \u0130\u00e7in&#8230;"},"content":{"rendered":"\n<figure class=\"wp-block-image is-resized\"><img loading=\"lazy\" decoding=\"async\" src=\"http:\/\/siirmolasi.com\/wp-content\/uploads\/2020\/12\/image-15.png\" alt=\"\" class=\"wp-image-10835\" width=\"273\" height=\"231\" srcset=\"https:\/\/www.siirmolasi.com\/wp-content\/uploads\/2020\/12\/image-15.png 387w, https:\/\/www.siirmolasi.com\/wp-content\/uploads\/2020\/12\/image-15-300x253.png 300w\" sizes=\"(max-width: 273px) 100vw, 273px\" \/><\/figure>\n\n\n\n<p>Allah\u0131m! .. \u0130\u015fte bug\u00fcn,<br> \u015eu zavall\u0131 \u00f6mr\u00fcm\u00fcn<br> En matemli bir g\u00fcn\u00fc.<\/p>\n\n\n\n<p>Elim b\u00f6\u011fr\u00fcmde kald\u0131m,<br>\nBen bug\u00fcn haber ald\u0131m:<br>\nBabam\u0131n \u00f6ld\u00fc\u011f\u00fcn\u00fc.<\/p>\n\n\n\n<p>Bitti hayat\u0131n tad\u0131,<br>\nBu haber b\u0131rakmad\u0131,<br>\nDuda\u011f\u0131mda tebess\u00fcm.<\/p>\n\n\n\n<p>Kalbim oyuldu yer yer,<br>\nAman Yarabbi, me\u011fer<br>\nNe ac\u0131kl\u0131 imi\u015f \u00f6l\u00fcm<\/p>\n\n\n\n<p>Daha birka\u00e7 g\u00fcn evvel,<br>\nY\u00fcz\u00fcm\u00fc ok\u015fayan el,<br>\n\u015eimdi toprak oluyor.<\/p>\n\n\n\n<p>Kendi v\u00fccudum kadar<br>\nBana yak\u0131n olanlar,<br>\nBirden, uzak oluyor.<\/p>\n\n\n\n<p>Ah Baba! ..Daha d\u00fcne<br>\nKadar senin g\u00f6\u011fs\u00fcne<br>\nSakl\u0131yordum ba\u015f\u0131m\u0131.<\/p>\n\n\n\n<p>\u0130nan babac\u0131\u011f\u0131m, inan,<br> Bu ate\u015f, menba\u2019\u0131ndan<br> Kuruttu g\u00f6zya\u015f\u0131m\u0131\u2026<\/p>\n\n\n\n<p>Sabahattin Ali<\/p>\n","protected":false},"excerpt":{"rendered":"<p>Allah\u0131m! .. \u0130\u015fte bug\u00fcn, \u015eu zavall\u0131 \u00f6mr\u00fcm\u00fcn En matemli bir g\u00fcn\u00fc. Elim b\u00f6\u011fr\u00fcmde kald\u0131m, Ben bug\u00fcn haber ald\u0131m: Babam\u0131n \u00f6ld\u00fc\u011f\u00fcn\u00fc. Bitti hayat\u0131n tad\u0131, Bu haber b\u0131rakmad\u0131, Duda\u011f\u0131mda tebess\u00fcm. Kalbim oyuldu yer yer, Aman Yarabbi, me\u011fer Ne ac\u0131kl\u0131 imi\u015f \u00f6l\u00fcm Daha &hellip; <a href=\"https:\/\/www.siirmolasi.com\/?p=10834\">Okumaya devam et <span class=\"meta-nav\">&rarr;<\/span><\/a><\/p>\n","protected":false},"author":1,"featured_media":0,"comment_status":"open","ping_status":"open","sticky":false,"template":"","format":"standard","meta":{"footnotes":""},"categories":[8],"tags":[],"_links":{"self":[{"href":"https:\/\/www.siirmolasi.com\/index.php?rest_route=\/wp\/v2\/posts\/10834"}],"collection":[{"href":"https:\/\/www.siirmolasi.com\/index.php?rest_route=\/wp\/v2\/posts"}],"about":[{"href":"https:\/\/www.siirmolasi.com\/index.php?rest_route=\/wp\/v2\/types\/post"}],"author":[{"embeddable":true,"href":"https:\/\/www.siirmolasi.com\/index.php?rest_route=\/wp\/v2\/users\/1"}],"replies":[{"embeddable":true,"href":"https:\/\/www.siirmolasi.com\/index.php?rest_route=%2Fwp%2Fv2%2Fcomments&post=10834"}],"version-history":[{"count":1,"href":"https:\/\/www.siirmolasi.com\/index.php?rest_route=\/wp\/v2\/posts\/10834\/revisions"}],"predecessor-version":[{"id":10836,"href":"https:\/\/www.siirmolasi.com\/index.php?rest_route=\/wp\/v2\/posts\/10834\/revisions\/10836"}],"wp:attachment":[{"href":"https:\/\/www.siirmolasi.com\/index.php?rest_route=%2Fwp%2Fv2%2Fmedia&parent=10834"}],"wp:term":[{"taxonomy":"category","embeddable":true,"href":"https:\/\/www.siirmolasi.com\/index.php?rest_route=%2Fwp%2Fv2%2Fcategories&post=10834"},{"taxonomy":"post_tag","embeddable":true,"href":"https:\/\/www.siirmolasi.com\/index.php?rest_route=%2Fwp%2Fv2%2Ftags&post=10834"}],"curies":[{"name":"wp","href":"https:\/\/api.w.org\/{rel}","templated":true}]}}