{"id":10425,"date":"2020-10-15T20:54:07","date_gmt":"2020-10-15T17:54:07","guid":{"rendered":"http:\/\/siirmolasi.com\/?p=10425"},"modified":"2020-10-15T20:54:09","modified_gmt":"2020-10-15T17:54:09","slug":"mehmet-soylemez-siirleri","status":"publish","type":"post","link":"https:\/\/www.siirmolasi.com\/?p=10425","title":{"rendered":"Mehmet S\u00f6ylemez \u015eiirleri&#8230;"},"content":{"rendered":"\n<figure class=\"wp-block-image\"><img loading=\"lazy\" decoding=\"async\" width=\"502\" height=\"344\" src=\"http:\/\/siirmolasi.com\/wp-content\/uploads\/2019\/12\/y\u0131l-biterken.jpg\" alt=\"\" class=\"wp-image-9889\" srcset=\"https:\/\/www.siirmolasi.com\/wp-content\/uploads\/2019\/12\/y\u0131l-biterken.jpg 502w, https:\/\/www.siirmolasi.com\/wp-content\/uploads\/2019\/12\/y\u0131l-biterken-300x206.jpg 300w\" sizes=\"(max-width: 502px) 100vw, 502px\" \/><\/figure>\n\n\n\n<p><strong>\u0130lk Ay\u2026<\/strong><\/p>\n\n\n\n<p>Yeni bir sayfaya d\u00f6k\u00fcl\u00fcyor kelimeler,<\/p>\n\n\n\n<p>Bana umutla birlikte bulutlar\u0131 ver.<\/p>\n\n\n\n<p>Tam olmak istedi\u011fim g\u00f6nl\u00fcndeki yer,<\/p>\n\n\n\n<p>Yerle yeksan hayatlarla yine bana gel\u2026\n<\/p>\n\n\n\n<p>Her \u015fiir yaz\u0131l\u0131r ilk c\u00fcmlesi \u00f6zel,<\/p>\n\n\n\n<p>Sana sundu\u011fum hayaller yeterince\ng\u00fczel,<\/p>\n\n\n\n<p>Kamula\u015fan a\u015fklar bir bende t\u00fczel,<\/p>\n\n\n\n<p>G\u00f6nl\u00fcm\u00fcn denizinde bir sensin y\u00fczen.<\/p>\n\n\n\n<p>Yine kar ya\u011f\u0131yor titriyor ate\u015fim,<\/p>\n\n\n\n<p>Sen bana yaz\u0131lda ol hayat e\u015fim,<\/p>\n\n\n\n<p>Par\u00e7alanan gelecek seninle bire\u015fim,<\/p>\n\n\n\n<p>Yoluna serdi\u011fim y\u00fcre\u011fin yok bir e\u015fi.<\/p>\n\n\n\n<p>Kalbindeki yaralara derman\u0131m, l\u00fctfen\nkanama, <\/p>\n\n\n\n<p>S\u00f6ylediklerim sana \u00f6zel nolur beni\nk\u0131nama.<\/p>\n\n\n\n<p>Ayn\u0131 ac\u0131da boy verip cehennemdeki\nkaynama, <\/p>\n\n\n\n<p>G\u00f6rece\u011fin sensin bakt\u0131\u011f\u0131nda kalp\naynama\u2026<\/p>\n\n\n\n<p>Ya\u011fmurlara ket vurdum \u015fehirlere\nmilimler,<\/p>\n\n\n\n<p>Sana olan sevgimi a\u00e7\u0131klayay\u0131m bilimle,<\/p>\n\n\n\n<p>Bana d\u00fc\u015fenden vazge\u00e7tim ac\u0131 ve elimle,<\/p>\n\n\n\n<p>Seni kar\u015f\u0131layaca\u011f\u0131m k\u0131rm\u0131z\u0131 bir\nkilimle\u2026<\/p>\n\n\n\n<p>Baharlardan vazge\u00e7tim sen oldun\niklimim,<\/p>\n\n\n\n<p>B\u00fct\u00fcn \u00e7i\u00e7ekler varda papatya m\u00fctemmim,<\/p>\n\n\n\n<p>Sana yazd\u0131klar\u0131m\u0131n g\u00f6nl\u00fcm\u00fcn taksiri,<\/p>\n\n\n\n<p>Akl\u0131ma d\u00fc\u015fenler y\u0131ld\u0131zlar\u0131n tamimi.<\/p>\n\n\n\n<p>A\u015fk\u0131 sende ya\u015fad\u0131m sen bana yars\u0131n,<\/p>\n\n\n\n<p>Beni ayakta tutan en g\u00fc\u00e7l\u00fc ars\u0131n,<\/p>\n\n\n\n<p>Y\u00fcre\u011fimdeki yang\u0131na ya\u011fan kar,<\/p>\n\n\n\n<p>Hep yan\u0131mda ol sevdam seni sars\u0131n\u2026<\/p>\n\n\n\n<p><\/p>\n\n\n\n<p><strong>G\u00f6nderilmemi\u015f\nMektuplar I<\/strong><\/p>\n\n\n\n<p>Merhaba Sevgili,<\/p>\n\n\n\n<p>Sen bende duman\u0131 \u00fcst\u00fcnde \u00e7ay\u0131n demi,<\/p>\n\n\n\n<p>T\u00fcrk\u00fclerle ak\u0131t\u0131lan g\u00f6zlerden nemi,<\/p>\n\n\n\n<p>Seni ne kadar sevdi\u011fimi g\u00f6rse k\u0131skan\u0131r\nnebi,<\/p>\n\n\n\n<p>G\u00f6n\u00fcl \u00e7e\u015fmemden su i\u00e7 senin i\u00e7in\nsebil\u2026<\/p>\n\n\n\n<p>G\u00f6zlerim a\u015fk\u0131m\u0131n g\u00fcvenilir kefili,<\/p>\n\n\n\n<p>Sen yoksan ben her zaman sefilim,<\/p>\n\n\n\n<p>Anlamad\u0131\u011f\u0131m, a\u015fk denilen sek ilim,<\/p>\n\n\n\n<p>Y\u00fcre\u011fime dokudu\u011fu sen desenli kilim\u2026<\/p>\n\n\n\n<p>Sen desen ko\u015far gelirim y\u00fcre\u011fim sana\na\u00e7\u0131k,<\/p>\n\n\n\n<p>Sen desen ben nakka\u015f ilmek ilmek\ni\u015flemeye haz\u0131r\u0131m,<\/p>\n\n\n\n<p>Sen ne\u015fenden vazge\u00e7me, ben varo\u015f\nka\u00e7\u0131k,<\/p>\n\n\n\n<p>Sen a\u00e7\u0131k denize ben sana a\u015f\u0131\u011f\u0131m\u2026<\/p>\n\n\n\n<p>Yaln\u0131zl\u0131\u011f\u0131mda d\u00fc\u015f\u00fcnceler senin\nsuretin,<\/p>\n\n\n\n<p>Ci\u011ferlerim seni solur olmu\u015f bu benim\nsetim,<\/p>\n\n\n\n<p>Kalp dedi\u011fimiz sol taraftaki etin,<\/p>\n\n\n\n<p>Senin yan\u0131nda ederi birka\u00e7 sat\u0131r\nmetin\u2026<\/p>\n\n\n\n<p>S\u00f6zlerin g\u00f6n\u00fcl taht\u0131nda ferman,<\/p>\n\n\n\n<p>Yoklu\u011fun bende olabildi\u011fince harman,<\/p>\n\n\n\n<p>Sensizlikte yolda\u015f\u0131m tek nefeslik\nsarmam,<\/p>\n\n\n\n<p>Senden s\u00fcrg\u00fcn yedi, d\u00fc\u015f\u00fcncelerim\nkarma\u2026<\/p>\n\n\n\n<p>Kad\u0131n\u0131 \u015faraba benzetmek berdu\u015f i\u015fi,<\/p>\n\n\n\n<p>Zaman\u0131 g\u00fczel k\u0131lmak kad\u0131n\u0131n i\u015fi,<\/p>\n\n\n\n<p>D\u00fcnyal\u0131\u011f\u0131m de\u011fil ol ahiret e\u015fim,<\/p>\n\n\n\n<p>K\u0131l d\u00fcnyam\u0131 g\u00fczel bulunmas\u0131n bir e\u015fi\u2026<\/p>\n\n\n\n<p>G\u00f6zlerin ku\u015f t\u00fcy\u00fc yast\u0131k ye\u015fil \u00e7imen\nkokusu,<\/p>\n\n\n\n<p>Rabbim seni k\u00f6t\u00fcl\u00fcklerden korusun,<\/p>\n\n\n\n<p>Sana yazd\u0131klar\u0131mla yok oldu \u015fehir\nkorusu,<\/p>\n\n\n\n<p>Bana olan sevgin de\u011fil nefretin\nkurusun\u2026<\/p>\n\n\n\n<p>Y\u00fcz\u00fcn\u00fc avu\u00e7lar\u0131ma alamad\u0131m g\u00f6zya\u015flar\u0131n\nziyan oldu,<\/p>\n\n\n\n<p>\u015eiir denilen k\u00fclfette \u015fairler boldu,<\/p>\n\n\n\n<p>Madem beni y\u00fcre\u011finden kovdun,<\/p>\n\n\n\n<p>\u015eiirler bende ziyan oldu\u2026<\/p>\n\n\n\n<p>Tebess\u00fcm\u00fcn y\u0131llara muadil,<\/p>\n\n\n\n<p>Benden ayr\u0131 kalmak m\u0131 adil?<\/p>\n\n\n\n<p>Seni seviyorum g\u00f6rme beni hakir,<\/p>\n\n\n\n<p>Duygular\u0131m y\u00fcre\u011fime fazlas\u0131yla h\u00e2kim<\/p>\n\n\n\n<p><\/p>\n\n\n\n<p>G<strong>\u00f6nderilmemi\u015f Mektuplar II<\/strong><\/p>\n\n\n\n<p>Merhaba Sevgili,<\/p>\n\n\n\n<p>Yaz geldi senin g\u00fcl\u00fc\u015f\u00fcnle,<\/p>\n\n\n\n<p>Sen g\u00fcle ben kokuna hasret,<\/p>\n\n\n\n<p>Kasvet ba\u011flad\u0131 sokaklar benim gam\ny\u00fck\u00fcmden,<\/p>\n\n\n\n<p>Sen h\u00fck\u00fcm ver ben \u015fiirlerle sana\ny\u00f6nelirim\u2026<\/p>\n\n\n\n<p>S\u00f6nmez ate\u015fim sen benim har\u0131m,\nbuhar\u0131m, buhran\u0131m,<\/p>\n\n\n\n<p>\u0130\u00e7inde sen ge\u00e7en her \u015fey benim kalp\na\u011fr\u0131m,<\/p>\n\n\n\n<p>Sen g\u00fcz\u00fc sevmiyorsun diye yaprak\nd\u00f6kmedim ben,<\/p>\n\n\n\n<p>Yan\u0131nda kalmak ac\u0131 veriyor diye geriye\nd\u00f6n\u00fcp bakmad\u0131m ben,<\/p>\n\n\n\n<p>Sana yazd\u0131\u011f\u0131m mektuplar\u0131n ucunu\nyakmad\u0131m,<\/p>\n\n\n\n<p>Sen su ferahl\u0131\u011f\u0131s\u0131n diye hi\u00e7 yanmad\u0131m\nben\u2026<\/p>\n\n\n\n<p>Seninle hi\u00e7 yan yana olmad\u0131k,<\/p>\n\n\n\n<p>H\u00fczn\u00fcnde ve kederinde g\u00f6zlerine\ndolmad\u0131m,<\/p>\n\n\n\n<p>\u00d6z\u00fcr dilerim! Kursa\u011f\u0131mda ki kelimeler\nsolmad\u0131,<\/p>\n\n\n\n<p>\u201cNas\u0131ls\u0131n bitanem?\u201d diye hi\u00e7 sormad\u0131m\u2026<\/p>\n\n\n\n<p>Seninle tatl\u0131 kavgalar\u0131n \u00f6nemini\nbilmedik,<\/p>\n\n\n\n<p>Ge\u00e7mi\u015fi rest \u00e7ekip var olan\u0131 silmedim,<\/p>\n\n\n\n<p>Hi\u00e7bir zaman r\u00fcyalar\u0131 sevmedin,<\/p>\n\n\n\n<p>Y\u0131llard\u0131r bekliyorum bir g\u00fcn \u00e7\u0131k\u0131p\ngelmedin\u2026<\/p>\n\n\n\n<p>Ya\u011fmurlar bize ne\u015fe katmad\u0131,<\/p>\n\n\n\n<p>Elimde bir foto\u011fraf\u0131n var onu asla\natmad\u0131m,<\/p>\n\n\n\n<p>Geceler g\u00fcnd\u00fcze harman olurken,<\/p>\n\n\n\n<p>Ben ecele sar\u0131l\u0131p yatmad\u0131m\u2026<\/p>\n\n\n\n<p>Ab\u0131 hayat oldun mevsimleri d\u00f6k\u00fclm\u00fc\u015f\nd\u00fcnyama,<\/p>\n\n\n\n<p>G\u00f6zlerim yama oldu a\u011fyar olmu\u015f\nsevdama,<\/p>\n\n\n\n<p>Seninle ihtiyac\u0131m yok ya\u011fmurlu g\u00fcnde\nbir dama,<\/p>\n\n\n\n<p>S\u00fcr\u00fckleniyor y\u00fcre\u011fim a\u015fk denilen\ngirdaba&#8230;<\/p>\n\n\n\n<p>Bug\u00fcne kadar senden hi\u00e7bir \u015fey\nsaklamad\u0131m,<\/p>\n\n\n\n<p>Hatalar\u0131m\u0131 ink\u00e2r edip kendimi hi\u00e7\naklamad\u0131m,<\/p>\n\n\n\n<p>Toz ba\u011flayan vicdan\u0131m\u0131 paklamad\u0131m,<\/p>\n\n\n\n<p>Korkma! \u00d6fken beni yakmamal\u0131\u2026<\/p>\n\n\n\n<p>Galiba yerin yok senin kesin yasanda,<\/p>\n\n\n\n<p>Yazd\u0131klar\u0131m\u0131 biriktir y\u00fcre\u011findeki\nkasanda,<\/p>\n\n\n\n<p>Beni ya\u015fatan sensin b\u0131rakmay\u0131p asanda,<\/p>\n\n\n\n<p>Sorguluyor y\u00fcre\u011fin yine ahlak masanda\u2026<\/p>\n\n\n\n<p>Sensiz ald\u0131\u011f\u0131m nefesin \u00f6nemi yoktu,<\/p>\n\n\n\n<p>Kalbim senin sevginden fazlas\u0131yla\ntoktu,<\/p>\n\n\n\n<p>Bir g\u00fcl\u00fc\u015f\u00fcn benim i\u00e7in az de\u011fil \u00e7oktu,<\/p>\n\n\n\n<p>Ya\u015fayamad\u0131klar\u0131m\u0131z kuvvetli bir \u015foktu\u2026<\/p>\n\n\n\n<p>Sen benim i\u00e7in Cennet k\u00f6\u015fesi,<\/p>\n\n\n\n<p>B\u0131rakmam seni G\u00f6nl\u00fcm\u00fcn D\u00fc\u015fesi,<\/p>\n\n\n\n<p>Kalemim senin i\u00e7in sat\u0131rlar d\u00f6\u015fesin,<\/p>\n\n\n\n<p>G\u00fcllere k\u0131zma varm\u0131\u015f yoluna d\u00fc\u015fesi\u2026<\/p>\n\n\n\n<p>Dile gelmeyenler g\u00f6k kubbede sakl\u0131,<\/p>\n\n\n\n<p>G\u00fczelli\u011fin utand\u0131r\u0131yor y\u0131ld\u0131zlarda\nhakl\u0131,<\/p>\n\n\n\n<p>Ay karamsar olmu\u015f senin y\u00fcz\u00fcnden,<\/p>\n\n\n\n<p>G\u00fcne\u015f utanm\u0131yorsa onunda yok akl\u0131\u2026<\/p>\n\n\n\n<p>R\u00fczg\u00e2rlar\u0131n sa\u00e7lar\u0131nla uyumu,<\/p>\n\n\n\n<p>Senin i\u00e7in de\u011fi\u015ftirdim ayk\u0131r\u0131 huyumu,<\/p>\n\n\n\n<p>Sen gidersen derine kaz kuyumu,<\/p>\n\n\n\n<p>\u00c7i\u00e7eklere verirsin hayat suyumu\u2026<\/p>\n\n\n\n<p>G\u00f6zlerini benden neden ka\u00e7\u0131rd\u0131n?<\/p>\n\n\n\n<p>Mutlulu\u011fu benden sen a\u015f\u0131rd\u0131n,<\/p>\n\n\n\n<p>\u0130stesen seni K\u00e2be\u2019ye ta\u015f\u0131rd\u0131m,<\/p>\n\n\n\n<p>Beni yaln\u0131zl\u0131\u011fa b\u0131rakmana \u00e7ok\n\u015fa\u015f\u0131rd\u0131m\u2026<\/p>\n\n\n\n<p>S\u00f6zlerin anlams\u0131z oldu\u011funu inan bende\nbiliyorum,<\/p>\n\n\n\n<p>Senin mutlu olman\u0131 y\u00fcrekten diliyorum,<\/p>\n\n\n\n<p>Seni vicdan\u0131na b\u0131rak\u0131yorum, benim a\u015fk\nyolum,<\/p>\n\n\n\n<p>Senden bekledi\u011fim g\u00fczel bir yorum\u2026<\/p>\n\n\n\n<p>Sana d\u00fcnyay\u0131 versem havas\u0131n\u0131 solur\nmusun?<\/p>\n\n\n\n<p>Kalbimi emanet etsem onu her zaman\nkorur musun?<\/p>\n\n\n\n<p>Her \u015feyi bo\u015f versem kapansam\nayaklar\u0131na,<\/p>\n\n\n\n<p>Benim yinede Cennet\u2019im olur musun?<\/p>\n\n\n\n<ul class=\"wp-block-gallery columns-0 is-cropped wp-block-gallery-1 is-layout-flex wp-block-gallery-is-layout-flex\"><\/ul>\n","protected":false},"excerpt":{"rendered":"<p>\u0130lk Ay\u2026 Yeni bir sayfaya d\u00f6k\u00fcl\u00fcyor kelimeler, Bana umutla birlikte bulutlar\u0131 ver. Tam olmak istedi\u011fim g\u00f6nl\u00fcndeki yer, Yerle yeksan hayatlarla yine bana gel\u2026 Her \u015fiir yaz\u0131l\u0131r ilk c\u00fcmlesi \u00f6zel, Sana sundu\u011fum hayaller yeterince g\u00fczel, Kamula\u015fan a\u015fklar bir bende t\u00fczel, G\u00f6nl\u00fcm\u00fcn &hellip; <a href=\"https:\/\/www.siirmolasi.com\/?p=10425\">Okumaya devam et <span class=\"meta-nav\">&rarr;<\/span><\/a><\/p>\n","protected":false},"author":1,"featured_media":0,"comment_status":"open","ping_status":"open","sticky":false,"template":"","format":"standard","meta":{"footnotes":""},"categories":[9],"tags":[],"_links":{"self":[{"href":"https:\/\/www.siirmolasi.com\/index.php?rest_route=\/wp\/v2\/posts\/10425"}],"collection":[{"href":"https:\/\/www.siirmolasi.com\/index.php?rest_route=\/wp\/v2\/posts"}],"about":[{"href":"https:\/\/www.siirmolasi.com\/index.php?rest_route=\/wp\/v2\/types\/post"}],"author":[{"embeddable":true,"href":"https:\/\/www.siirmolasi.com\/index.php?rest_route=\/wp\/v2\/users\/1"}],"replies":[{"embeddable":true,"href":"https:\/\/www.siirmolasi.com\/index.php?rest_route=%2Fwp%2Fv2%2Fcomments&post=10425"}],"version-history":[{"count":1,"href":"https:\/\/www.siirmolasi.com\/index.php?rest_route=\/wp\/v2\/posts\/10425\/revisions"}],"predecessor-version":[{"id":10426,"href":"https:\/\/www.siirmolasi.com\/index.php?rest_route=\/wp\/v2\/posts\/10425\/revisions\/10426"}],"wp:attachment":[{"href":"https:\/\/www.siirmolasi.com\/index.php?rest_route=%2Fwp%2Fv2%2Fmedia&parent=10425"}],"wp:term":[{"taxonomy":"category","embeddable":true,"href":"https:\/\/www.siirmolasi.com\/index.php?rest_route=%2Fwp%2Fv2%2Fcategories&post=10425"},{"taxonomy":"post_tag","embeddable":true,"href":"https:\/\/www.siirmolasi.com\/index.php?rest_route=%2Fwp%2Fv2%2Ftags&post=10425"}],"curies":[{"name":"wp","href":"https:\/\/api.w.org\/{rel}","templated":true}]}}